{"provider_url": "https://www.felipeguerra.rn.leg.br", "title": "Sess\u00e3o Ordin\u00e1ria", "html": "<p style=\"text-align: justify; \">Aos 11 dias do m\u00eas de dezembro do ano de 2018 (dois mil e dezoito), reuniram-se ordinariamente no Pal\u00e1cio Vereador Joel Canela, sob a Presid\u00eancia do Senhor Vereador <b>Pedro Alves Cabral Neto, </b>que ao constatar a presen\u00e7a dos senhores Vereadores:<b> Djalma Laurindo da Silva Junior, Francisco Canind\u00e9 de Menezes, Genilson Santana de Nogueira, J\u00e2nio Nilson Silveira Barra, Marcos Aur\u00e9lio Alves de Morais, Max Iram de Morais, Ronaldo Luciano da Costa. Ausente o vereador Francisco Ubiracy Feitosa Pascoal. </b>O Presidente declara aberta a sess\u00e3o convidando o segundo secret\u00e1rio a fazer a leitura da ata anterior que depois de lida foi aprovada por Vereadores presentes. <b>No Pequeno Expediente: </b>Foram lidas as mat\u00e9rias em pauta: Mensagem do Executivo municipal encaminhando o <b>Projeto de Lei n\u00ba 008/2018</b> EMENTA: Disp\u00f5e sobre altera\u00e7\u00f5es na <b>Lei Complementar n\u00ba 320/2013</b>, na forma que especifica e d\u00e1 outras provid\u00eancias. <b>No Grande Expediente:</b> Fez uso da palavra o Vereador<b> J\u00e2nio Nilson Silveira Barra,</b> iniciou cumprimentando o Presidente, Vereadores, funcion\u00e1rios da casa e a todos os presentes. Iniciou falando sobre o FGPREV, assunto abordado na sess\u00e3o passada, dizendo que os funcion\u00e1rios est\u00e3o sem receber e segundo o Tribunal de contas, o dinheiro foi sacado e ainda n\u00e3o foi esclarecido, por isso precisa de uma explica\u00e7\u00e3o do gestor do FGPREV, como tamb\u00e9m o Tribunal de contas precisam esclarecer sobre isso, e se o Tribunal errou, que corrija, e se o gestor municipal errou, que venha esclarecer a sociedade que esta deixando a desejar, e todos sabem o que est\u00e3o passando os aposentados do FGPREV do munic\u00edpio. Lamentou a morte do jovem da comunidade de Santana.<b> </b>Vereador<b> Marcos Aur\u00e9lio Alves de</b> <b>Morais,</b> saudou o Presidente, colegas Vereadores, blogueiro Salom\u00e3o, sempre presente, o amigo Rildo e demais presentes. Usava a tribuna para deixar as condol\u00eancias e lamentar a perda do conterr\u00e2neo Eliardo Souza Leite, uma perca dif\u00edcil de aceitar, trabalhou na empresa e que todos os companheiros lamentaram. Pediu a todos os condutores de carros e motos para que prestassem aten\u00e7\u00e3o ao conduzir o seu veiculo, que prestasse aten\u00e7\u00e3o e n\u00e3o misturasse \u00e1lcool e velocidade, pois, contribui muito para acidentes lament\u00e1veis. O Vereador<b> Max Iran de Morais,</b> cumprimentou o presidente, vereadores, funcion\u00e1rios da casa e demais presentes no plen\u00e1rio. Usava a tribuna triste, lamentando a perca do conterr\u00e2neo Eliardo Souza Leite, acidente que chocou Santana e toda a Felipe Guerra, fazia parte de uma associa\u00e7\u00e3o e desenvolvia Trabalho na agricultura com seu irm\u00e3o. Solicitou a casa uma Mo\u00e7\u00e3o de Pesar em nome de todos os Vereadores para ser enviada a fam\u00edlia enlutada. Falou que recebeu um convite de Hudson da EMATER, para a inaugura\u00e7\u00e3o de suas instala\u00e7\u00f5es no conjunto Maria de Lurdes e que o mesmo pediu para que o convite fosse estendido a todos os Vereadores, que ser\u00e1 as 15:00 horas do dia 12, dia seguinte da sess\u00e3o. Agradeceu a todos encerrando sua participa\u00e7\u00e3o. <b>Na Ordem do Dia: </b>Foi para vota\u00e7\u00e3o mat\u00e9ria em pauta: <b>Mo\u00e7\u00e3o de Pesar n\u00ba 004/2018</b>, foi para vota\u00e7\u00e3o e aprovado por Vereadores presentes. <b>Na Hora da Comunidade:</b> N\u00e3o houve inscritos. <b>Nas Explica\u00e7\u00f5es Pessoais:</b> Ningu\u00e9m se inscreveu. O Presidente da casa agradeceu a presen\u00e7a de todos. \u00a0E como n\u00e3o havia mais nada para o momento a sess\u00e3o foi encerrada. Eu______________ 2\u00ba segundo secret\u00e1rio transcrevi a presente ata que vai assinada por mim, pelo presidente e demais Vereadores presentes.\u00a0</p>\r\n<p style=\"text-align: right; \">Sala das Sess\u00f5es Vereador Domilson Cris\u00f3stomo da silva. C\u00e2mara Municipal de Felipe Guerra/RN, em 11 de Dezembro de 2018.</p>", "author_name": "", "version": "1.0", "author_url": "https://www.felipeguerra.rn.leg.br/author/feg", "provider_name": "C\u00e2mara Municipal de Felipe Guerra/RN ", "type": "rich"}