{"provider_url": "https://www.felipeguerra.rn.leg.br", "title": "Sess\u00e3o Ordin\u00e1ria", "html": "<p style=\"text-align: justify; \">Aos 12 dias do m\u00eas de Fevereiro do ano de 2019 (dois mil e dezenove), reuniram-se ordinariamente no pal\u00e1cio Vereador Joel Canela, sob a Presid\u00eancia do Senhor Vereador <b>Ronaldo Luciano da Costa, </b>que ao constatar a presen\u00e7a dos Senhores Vereadores: <b>Djalma Laurindo da Silva Junior, Francisco Canind\u00e9 de Menezes, Genilson Santana de Nogueira, J\u00e2nio Nilson Silveira Barra, Marcos Aur\u00e9lio Alves de Morais, Max Iran Morais, Pedro Alves Cabral Neto. </b>Ausente o vereador<b> Francisco Ubiracy Feitosa Pascoal. </b>O Presidente declara aberta a Sess\u00e3o convidando o segundo secret\u00e1rio a fazer a leitura da ata anterior que depois de lida foi aprovada por Vereadores presentes. <b>No Pequeno Expediente,</b> foram lidas as mat\u00e9rias em pauta: <b>Indica\u00e7\u00f5es n\u00ba</b> <b>01, 02, 03/2019</b> do Vereador J\u00e2nio Nilson Silveira Barra. <b>Mo\u00e7\u00e3o de Pesar n\u00ba</b> <b>001/2019</b> do Vereador Max Iran de Morais. <b>No Grande Expediente:</b> Fez uso o Vereador<b> J\u00e2nio Nilson Silveira Barra</b>, cumprimentou o Presidente<b>, </b>Vereadores e demais presentes na casa. Iniciou falando da sess\u00e3o passada sobre a leitura anual e as a\u00e7\u00f5es, parabenizando os pontos positivos, mas n\u00e3o poderia deixar de falar nos pontos negativos, falando de cada secretaria e mostrando os mesmos. Falou sobre o Requerimento na pauta para audi\u00eancias p\u00fablicas; falou sobre a quest\u00e3o do FGPREV, que precisa de explica\u00e7\u00e3o, e os professores aposentados estavam na casa pedindo apoio e solu\u00e7\u00e3o, precisando ser resolvido o mais breve poss\u00edvel<b>. </b>O Vereador<b> Marcos Aur\u00e9lio Alves de Morais,</b> cumprimentou o Presidente, Vereadores, funcion\u00e1rios da casa, blogueiros e amigos presentes, Dr. Joel Canela. Falou na leitura anual que o Prefeito apresentou. Sobre as coloca\u00e7\u00f5es do Vereador J\u00e2nio, os pontos de vista e as cr\u00edticas, disse que o or\u00e7amento foi aprovado pela casa, dizendo que os Vereadores acompanhassem o que vai ser executado no ano de 2019. Comentou sobre a reforma da previd\u00eancia, dizendo que o mais fraco \u00e9 quem vai pagar. Deixava registrada sua palavra de revolta com o absurdo que acontece no pa\u00eds, lastim\u00e1vel. Disse que \u00e9 Vereador de Felipe Guerra, trabalhando com orgulho para toda cidade, respeitando os colegas e exercendo o seu mandato, e fazendo o melhor para Felipe Guerra<b>. </b>O Vereador<b> Max Iran de Morais, </b>cumprimentou o presidente, blogueiro Vinicius Valentim<b>, </b>assessor Joel Canela, assessor Iuri, professores aposentados e demais que acompanham a sess\u00e3o na casa do povo.<b> </b>Ficou feliz pela Indica\u00e7\u00e3o do colega J\u00e2nio sobre os cortes de terra, fatos importantes que precisam ser esclarecidos, pois, v\u00e1rios munic\u00edpios da regi\u00e3o j\u00e1 est\u00e3o fazendo em parceria com as associa\u00e7\u00f5es, e em Felipe Guerra n\u00e3o acontece porque n\u00e3o tem di\u00e1logo com os agricultores. Falou que os funcion\u00e1rios aposentados do munic\u00edpio est\u00e3o sem sal\u00e1rios e a Indica\u00e7\u00e3o do Vereador para uma Audi\u00eancia P\u00fablica \u00e9 louv\u00e1vel, pois, \u00e9 injusto as pessoas estarem com seus vencimentos atrasados. Pediu apoio dos colegas na vota\u00e7\u00e3o da Mo\u00e7\u00e3o de Pesar a fam\u00edlia do senhor Abidemes Martins do Ros\u00e1rio, como era conhecido por todos. Convidou as pessoas para acompanharem as sess\u00f5es na casa do povo e trazerem os problemas de sua rua, sua comunidade. Falou da Ilumina\u00e7\u00e3o p\u00fablica que o munic\u00edpio precisa resolver. Disse que quando faz Indica\u00e7\u00f5es est\u00e1 ajudando ao gestor, pois, a C\u00e2mara aprova e apresenta solu\u00e7\u00f5es e o Prefeito \u00e9 quem recebe o dinheiro para administrar as obras do Munic\u00edpio. <b>Na Ordem do Dia: </b>N\u00e3o houve mat\u00e9rias para vota\u00e7\u00e3o. Na Hora da Comunidade: Usou o senhor Ant\u00f4nio de Souza e Silva, para falar sobre ilumina\u00e7\u00e3o p\u00fablica. \u00a0<b>Nas Explica\u00e7\u00f5es Pessoais: Fez uso o vereador Max Iran de Morais. </b>E como n\u00e3o havia mais nada para o momento a sess\u00e3o foi encerrada. Eu________2\u00ba secret\u00e1rio transcrevi a presente ata que<b> </b>vai assinada por mim, pelo Presidente e demais Vereadores presentes.</p>\r\n<p style=\"text-align: right; \">Sala das Sess\u00f5es Vereador Domilson Cris\u00f3stomo da Silva, em 12 de Fevereiro de 2019.</p>", "author_name": "", "version": "1.0", "author_url": "https://www.felipeguerra.rn.leg.br/author/feg", "provider_name": "C\u00e2mara Municipal de Felipe Guerra/RN ", "type": "rich"}