{"provider_url": "https://www.felipeguerra.rn.leg.br", "title": "Sess\u00e3o Ordin\u00e1ria", "html": "<p style=\"text-align: justify; \">Aos 02 dias do m\u00eas de abril do ano de 2019 (dois mil e dezenove), reuniram-se ordinariamente no pal\u00e1cio Vereador Joel Canela, sob a Presid\u00eancia do Senhor Vereador <b>Ronaldo Luciano da Costa, </b>que ao constatar a presen\u00e7a dos Senhores Vereadores:<b> Francisco Canind\u00e9 de Menezes, Francisco Ubiracy Feitosa Pascoal, Genilson Santana de Nogueira, J\u00e2nio Nilson Silveira Barra, Marcos Aur\u00e9lio Alves de Morais, Max Iran de Morais, Pedro Alves Cabral Neto. Ausente o vereador Djalma Laurindo da Silva J\u00fanior. </b>O Presidente declara aberta a Sess\u00e3o, convidando o segundo secret\u00e1rio para fazer a leitura da ata anterior que depois de lida foi aprovada por Vereadores presentes. <b>No Pequeno Expediente: </b>Foram lidas as mat\u00e9rias em pauta; <b>Projeto de Lei n\u00ba 02/2019</b> <b>CM</b>, disp\u00f5e sobre a obrigatoriedade de contrata\u00e7\u00e3o de adolescentes, jovens e idosos pelas empresas prestadoras de servi\u00e7os a \u00f3rg\u00e3os da administra\u00e7\u00e3o p\u00fablica municipal direta e indireta. <b>Projeto de Lei n\u00ba</b> <b>03/2019</b> <b>CM</b>, que institui no \u00e2mbito do Munic\u00edpio de Felipe Guerra/RN, o programa horta comunit\u00e1ria<b>. Projeto de Lei n\u00ba 04/2019,</b> disp\u00f5e sobre a grava\u00e7\u00e3o em \u00e1udio e v\u00eddeo das sess\u00f5es do Legislativo e Executivo no \u00e2mbito do munic\u00edpio de Felipe Guerra/RN, autor dos projetos, Vereador <b>Francisco Ubiracy Feitosa Pascoal</b>.<b> Requerimento n\u00ba 04/2019, </b>do Vereador <b>Genilson Santana de Nogueira</b>.<b> Pedido de Informa\u00e7\u00f5es n\u00ba 01/2019, </b>solicitando informa\u00e7\u00f5es dos recursos do FGPREV fundado na <b>Lei Municipal n\u00ba 309/2012</b>, revogado pela <b>Lei Municipal n\u00ba 339/2014</b>, autor; Vereador <b>J\u00e2nio Nilson Silveira Barra</b>.<b>\u00a0 Indica\u00e7\u00f5es n\u00ba 024, 025/2019, </b>do Vereador <b>Max Iran de Morais</b>.<b> Projeto de Lei n\u00ba 003/2019 GP, </b>autoriza a concess\u00e3o de auxilio transporte aos estudantes de curso superior e curso t\u00e9cnico do Munic\u00edpio de Felipe Guerra/RN, e d\u00e1 outras providencias. <b>No Grande Expediente: </b>Fez uso da palavra<b> </b>o Vereador<b> Francisco Canind\u00e9 de Menezes, </b>agradeceu a Deus por mais uma sess\u00e3o, parabenizou a todos os presentes, funcion\u00e1rios da casa, blogueiro Vinicius Valentim, Edvaldo Barbosa, professores presentes, agentes de endemias, secret\u00e1rios e demais presentes. Registrou a presen\u00e7a do seu filho Gledson, assistindo a sess\u00e3o. Parabenizou a vinda do chefe de gabinete Gilvandro, agradeceu a presen\u00e7a do pastor Raimundo. Falou sobre o projeto de endemias que est\u00e1 na comiss\u00e3o para ser liberado. Pediu para que na pr\u00f3xima sess\u00e3o fosse convidado o presidente do FGPREV, Alcimar para vir casa prestar alguns esclarecimentos para tirar as d\u00favidas da sociedade felipense. Disse que desde 2013 quando a administra\u00e7\u00e3o Haroldo Ferreira assumiu, jamais aconteceu saque como aconteceu em administra\u00e7\u00f5es passadas, lembrando que, fazia parte da mesma e reconhecendo o erro quando dava sustenta\u00e7\u00e3o aquela administra\u00e7\u00e3o desastrosa. O Vereador<b> Francisco Ubiracy Feitosa Pascoal, </b>cumprimentou o Presidente<b>, </b>Vereadores<b>, </b>assessor Joel Canela<b>, </b>assessor Yuri, l\u00edder do po\u00e7o Tilon, associa\u00e7\u00f5es, agentes de endemias, professor Elias, pastor Raimundo, demais presentes no plen\u00e1rio. Iniciou falando da responsabilidade da casa, dando \u00eanfase ao projeto, dizendo que a sociedade sabe quem s\u00e3o os pol\u00edticos e qual a sua responsabilidade. Lembrou que sempre pediu que fosse formado um conselho para o FGPREV, e n\u00e3o aconteceu, gerando um problema grave. Falou dos projetos que deu entrada na casa que \u00e9 muito importante para a sociedade. Pediu ao presidente da comiss\u00e3o para analisar o projeto de endemias para que na pr\u00f3xima sess\u00e3o seja votado.<b> </b>Falou sobre a agricultura e o turismo dizendo que o Munic\u00edpio s\u00f3 ter\u00e1 sa\u00edda com as prioridades, pois, tem que terem a mente voltada para a gera\u00e7\u00e3o de empregos e oportunidades. Expos o pedido de um trator com implementos ao Deputado Jo\u00e3o Maia. Falou da viagem do presidente Ronaldo e o Vereador Genilson que ir\u00e3o participar da marcha em Bras\u00edlia, agradecendo a oportunidade. O Vereador<b> J\u00e2nio Nilson Silveira Barra,</b> cumprimentou o presidente, Vereadores, funcion\u00e1rios da casa, assessor jur\u00eddico Joel Canela, secret\u00e1rios presentes, agentes de endemias e demais presentes na sess\u00e3o. Falou sobre a quest\u00e3o do lixo que o carro est\u00e1 sem passar a dias, sendo uma preocupa\u00e7\u00e3o, pois, a falta de recolhimento do lixo \u00e9 uma falta de respeito para com a sociedade felipense. Parabenizou o pastor Raimundo pelo trabalho realizado em Felipe Guerra, s\u00f3 tem a agradecer. O vereador<b> Marcos</b> <b>Aur\u00e9lio Alves de Morais,</b> cumprimentou os Vereadores, secret\u00e1rios presentes, pastor Raimundo e demais amigos presentes, professor e conterr\u00e2neo Z\u00e9 Wilson e amigos que acompanham pelas redes sociais. Falou do projeto de Lei do conselho tutelar que foi aprovado na sess\u00e3o passada. Falou das polemicas nas redes sociais do caripina e l\u00e1 constatou v\u00e1rios pontos de lixo e alertou sobre os riscos ali existentes. Sobre os lixos nas ruas provavelmente a empresa n\u00e3o recebeu e o gestor precisa ter compet\u00eancia e responsabilidade para administrar, e o lixo voltar a ser recolhido. Com rela\u00e7\u00e3o a Gilvandro sua participa\u00e7\u00e3o ser\u00e1 muito importante para sabermos a real situa\u00e7\u00e3o do Munic\u00edpio. O vereador<b> Max Iran de Morais, </b>cumprimentou o presidente da casa e os Vereadores, e demais presentes na sess\u00e3o. Iniciou pedindo apoio aos Vereadores em suas indica\u00e7\u00f5es, referentes \u00e0 conscientiza\u00e7\u00e3o ao acesso das cachoeiras, como tamb\u00e9m, o atendimento semanalmente na comunidade de Santana. Pediu esclarecimentos \u00e0 secretaria de educa\u00e7\u00e3o sobre a quest\u00e3o do transporte escolar das comunidades, pois, o Munic\u00edpio precisa dar esclarecimentos as fam\u00edlias, sendo isso um problema do Munic\u00edpio e precisa ser resolvido. <b>Na Ordem do Dia: </b>foram para vota\u00e7\u00e3o as mat\u00e9rias em pauta: <b>Indica\u00e7\u00f5es n\u00ba</b> <b>015, 016, 017, 018, 019, 022, 023/2019</b>, as mesmas foram para vota\u00e7\u00e3o e aprovada por Vereadores presentes. <b>Requerimento n\u00ba 04/2019</b> do Vereador <b>Genilson Santana</b>, o mesmo foi para vota\u00e7\u00e3o e aprovado por Vereadores presentes.\u00a0 <b>Na Hora da Comunidade:</b> Se inscreveu o chefe de gabinete do Poder Executivo, Gilvandro J\u00e1come, para falar sobre a situa\u00e7\u00e3o econ\u00f4mica financeira do Munic\u00edpio de Felipe Guerra/RN. \u00a0<b>Nas Explica\u00e7\u00f5es</b> <b>Pessoais:</b> Fizeram uso da palavra os Vereadores: <b>Francisco Ubiracy Feitosa Pascoal, Marcos Aur\u00e9lio</b> <b>Alves de Morais.</b> <b>\u00a0</b>E como n\u00e3o havia mais nada para o momento a sess\u00e3o foi encerrada. Eu________2\u00ba secret\u00e1rio transcrevi a presente ata que<b> </b>vai assinada por mim, pelo presidente e demais Vereadores presentes.</p>\r\n<p style=\"text-align: right; \">Sala das Sess\u00f5es Vereador Domilson Cris\u00f3stomo da Silva. C\u00e2mara Municipal de Felipe Guerra/RN, em 02 de abril de 2019.<b></b></p>", "author_name": "", "version": "1.0", "author_url": "https://www.felipeguerra.rn.leg.br/author/feg", "provider_name": "C\u00e2mara Municipal de Felipe Guerra/RN ", "type": "rich"}