{"provider_url": "https://www.felipeguerra.rn.leg.br", "title": "Sess\u00e3o Ordin\u00e1ria", "html": "<p style=\"text-align: justify; \">Aos 12 dias do m\u00eas de Mar\u00e7o do ano de 2019 (dois mil e dezenove), reuniram-se ordinariamente no pal\u00e1cio Vereador Joel Canela, sob a Presid\u00eancia do Senhor Vereador <b>Ronaldo Luciano da Costa, </b>que ao constatar a presen\u00e7a dos Senhores Vereadores: <b>Djalma Laurindo da Silva, Genilson Santana de Nogueira, J\u00e2nio Nilson Silveira Barra, Marcos Aur\u00e9lio Alves de Morais, Max Iran Morais, Pedro Alves Cabral Neto. </b>Ausente os Vereadores<b> Francisco Ubiracy Feitosa Pascoal, Francisco Canind\u00e9 de Menezes. </b>O Presidente declara aberta a Sess\u00e3o convidando o segundo secret\u00e1rio a fazer a leitura da ata anterior que depois de lida foi aprovada por Vereadores presentes. <b>No Pequeno Expediente,</b> foram lidas as mat\u00e9rias em pauta: <b>Indica\u00e7\u00f5es n\u00ba</b> <b>06/2019</b> do Vereador <b>Max Iran de Morais</b>. <b>Of\u00edcio n\u00ba 001/2019, </b>do Conselho Tutelar dos Direitos da Crian\u00e7a e do Adolescente<b>. Projeto de Lei n\u00ba 001/2019, </b>que disp\u00f5e sobre atualiza\u00e7\u00e3o do perfil profissional e da politica de reajuste do piso salarial da categoria dos agentes comunit\u00e1rios de sa\u00fade e dos agentes de combate a endemias neste Munic\u00edpio.<b> Projeto de Lei n\u00ba 002/2019, </b>disp\u00f5e sobre autoriza\u00e7\u00e3o para abertura de cr\u00e9dito adicional especial \u00e0 lei or\u00e7ament\u00e1ria anual do Munic\u00edpio.<b> No Grande Expediente:</b> Fez uso o Vereador<b> J\u00e2nio Nilson Silveira Barra</b>, cumprimentou o presidente<b>, </b>Vereadores e demais presentes na casa. Parabenizou o presidente pela transpar\u00eancia nas presta\u00e7\u00f5es de contas da c\u00e2mara. Falou sobre o <b>projeto de lei n\u00ba 01/2019</b>, dos agentes de endemias, e o <b>projeto de lei n\u00ba 02/2019</b>, lembrando que na pr\u00f3xima ter\u00e7a-feira est\u00e3o convidados para a sess\u00e3o, pois, na oportunidade o projeto ser\u00e1 explicado e conclu\u00eddo, e ser\u00e1 muito \u00fatil pois \u00e9 feito com carinho para os idosos. Comentou sobre os aposentados que continuam com os vencimentos atrasados, sendo, uma falta de respeito do gestor para com os mesmos. Sobre a secretaria de sa\u00fade, pediu aten\u00e7\u00e3o para que seja aberta as 7:00 horas da manh\u00e3, muitas pessoas que moram no sitio chegam cedo e a mesma encontra-se fechada. O Vereador<b> Marcos Aur\u00e9lio Alves de Morais,</b> cumprimentou o presidente, Vereadores, funcion\u00e1rios da casa, blogueiros e amigos presentes. Iniciou falando das pessoas que contribu\u00edram a vida toda, e os seus rendimentos est\u00e3o em atraso, deixava seu ressentimento. Sobre os agentes de sa\u00fade deixava seu apoio, pois, est\u00e1 para ajudar e foi eleito para isso, e o executivo tem que cumprir com suas obriga\u00e7\u00f5es. Falou sobre o projeto do idoso que \u00e9 muito importante para eles e ficar\u00e1 na hist\u00f3ria do Munic\u00edpio e ter\u00e1 o apoio de todos. Registrou a emenda do Deputado Federal Rafael Motta, no valor de 530 mil que \u00e9 muito importante para o Munic\u00edpio. O Vereador<b> Max Iran de Morais, </b>cumprimentou o presidente, blogueiro Vinicius Valentim<b>, </b>assessor Joel Canela, e demais presentes no plen\u00e1rio. Iniciou falando da Indica\u00e7\u00e3o que apresentou para que seja feita a limpeza no canteiro da avenida m\u00e3e Gonzaga. Falou sobre a divida do Governo do Estado junto \u00e0 liga mossoroense de estudo e combate ao c\u00e2ncer, isso \u00e9 um caso preocupante, pois atinge centenas de pessoas oncol\u00f3gicas da regi\u00e3o oeste que precisam de atendimentos di\u00e1rios, dizendo que o momento \u00e9 de uni\u00e3o em prol do funcionamento da liga. O Vereador<b> Pedro Alves</b> <b>Cabral Neto,</b> cumprimentou o presidente, Vereadores, e demais presentes na sess\u00e3o. Parabenizou os agentes de sa\u00fade dizendo ser um prazer a presen\u00e7a de todos na casa do povo. Parabenizou os conselheiros tutelar dizendo que est\u00e1 \u00e0 disposi\u00e7\u00e3o de todos. Pediu apoio aos colegas na aprova\u00e7\u00e3o de duas Indica\u00e7\u00f5es que deu entrada na casa. Com rela\u00e7\u00e3o \u00e0 presta\u00e7\u00e3o de contas da C\u00e2mara, disse que durante dois anos que ficou como presidente da casa todos os meses apresentava suas contas a FECAM e ficava na casa a disposi\u00e7\u00e3o de todos os Vereadores e da popula\u00e7\u00e3o. Agradeceu a oportunidade e a presen\u00e7a de todos.<b> Na Ordem do Dia: </b>N\u00e3o houve mat\u00e9rias para vota\u00e7\u00e3o. <b>Na Hora</b> <b>da Comunidade:</b> N\u00e3o houve inscritos. \u00a0<b>Nas Explica\u00e7\u00f5es Pessoais: </b>Fez uso o Vereador<b> Max Iran de Morais. </b>E como n\u00e3o havia mais nada para o momento a sess\u00e3o foi encerrada. Eu________2\u00ba secret\u00e1rio transcrevi a presente ata que<b> </b>vai assinada por mim, pelo presidente e demais Vereadores presentes.</p>\r\n<p style=\"text-align: right; \">Sala das Sess\u00f5es Vereador Domilson Cris\u00f3stomo da Silva. C\u00e2mara Municipal de Felipe Guerra/RN, em 12 de mar\u00e7o de 2019.</p>", "author_name": "", "version": "1.0", "author_url": "https://www.felipeguerra.rn.leg.br/author/feg", "provider_name": "C\u00e2mara Municipal de Felipe Guerra/RN ", "type": "rich"}