{"provider_url": "https://www.felipeguerra.rn.leg.br", "title": "Sess\u00e3o Ordin\u00e1ria", "html": "<p style=\"text-align: justify; \">Aos 27 dias do m\u00eas de Mar\u00e7o do ano de 2019 (dois mil e dezenove), reuniram-se ordinariamente no pal\u00e1cio Vereador Joel Canela, sob a Presid\u00eancia do Senhor Vereador <b>Ronaldo Luciano da Costa, </b>que ao constatar a presen\u00e7a dos Senhores Vereadores: <b>Djalma Laurindo da Silva Junior, Francisco Canind\u00e9 de Menezes, Francisco Ubiracy Feitosa Pascoal, Genilson Santana de Nogueira, J\u00e2nio Nilson Silveira Barra, Marcos Aur\u00e9lio Alves de Morais, Max Iran de Morais, Pedro Alves Cabral Neto. </b>O Presidente declara aberta a Sess\u00e3o, convidando o segundo secret\u00e1rio a fazer a leitura da ata anterior que depois de lida foi aprovada por Vereadores presentes. <b>No Pequeno Expediente</b>: N\u00e3o houve mat\u00e9rias para serem lidas. <b>No Grande Expediente: </b>Fez uso da palavra o Vereador<b> Francisco Canind\u00e9 de Menezes, </b>cumprimentou o presidente, os Vereadores e demais pessoas presentes. Falou sobre a preocupa\u00e7\u00e3o com os agentes comunit\u00e1rios de sa\u00fade, dizendo que ir\u00e3o fazer de tudo para que a situa\u00e7\u00e3o seja resolvida. Disse que estava de acordo com os colegas vereadores para fazer o poss\u00edvel esperando que a situa\u00e7\u00e3o se resolva, mas acima de tudo respeitando a Lei. \u00a0O Vereador<b> Francisco Ubiracy Feitosa Pascoal, </b>cumprimentou o Presidente, Vereadores, e demais presentes na casa. Falou sobre a quest\u00e3o de ficarem sempre endeusando pol\u00edticos, especificamente os Deputados Federais e Estaduais. Cada um tem direito a 8 milh\u00f5es em emendas parlamentar e que n\u00e3o podem serem t\u00e3o bem votados nas cidades e n\u00e3o colocarem nada, citando exemplo do hospital de Apodi que permanece zero em emendas abandonado como sempre esteve. Pediu aos colegas Vereadores para entrarem em contato com seus parlamentares para falar sobre a reforma da previd\u00eancia sobre a proposta de aposentadorias rurais. Falou da import\u00e2ncia da reuni\u00e3o que teve na casa a respeito de compra direta, falando da possibilidade de discutir com as secretarias do munic\u00edpio agricultura, sa\u00fade, educa\u00e7\u00e3o para que as compras governamentais sejam feitas em nossa cidade. Comentou sobre a elei\u00e7\u00e3o do conselho tutelar. O Vereador <b>J\u00e2nio Nilson Silveira Barra, </b>cumprimentou o Presidente<b>, </b>Vereadores<b>, </b>assessor Joel Canela<b> </b>e demais presentes no plen\u00e1rio. Falou sobre a quest\u00e3o da sess\u00e3o passada quando cobrou sobre o FGPREV,<b> </b>se retratando e pedindo desculpas ao vice-Prefeito Salom\u00e3o Gomes, quando falou a quest\u00e3o do hor\u00e1rio de uma liga\u00e7\u00e3o.<b> </b>Falou sobre a preocupa\u00e7\u00e3o do Vereador Francisco Canind\u00e9 quanto ao projeto dos agentes que est\u00e1 tramitando na comiss\u00e3o. Comentou sobre o projeto dos idosos que todos sa\u00edram satisfeitos com sua aprova\u00e7\u00e3o.<b> </b>O Vereador<b> Max Iran de Morais, </b>cumprimentou o presidente da casa, presidente do conselho tutelar, agentes de endemias, funcion\u00e1rios da casa, blogueiro Vinicius, assessor da casa Joel Canela e demais pessoas presentes na casa do povo. Iniciou pedindo aos colegas apoio no <b>Projeto de Lei complementar n\u00ba 01/2019,</b> pois, \u00e9 muito importante a elei\u00e7\u00e3o do conselho tutelar para o Munic\u00edpio. Registrou a participa\u00e7\u00e3o em uma reuni\u00e3o em Natal, juntamente com o presidente da casa Ronaldo Luciano e o Vereador Francisco Ubiracy para assinatura de convenio com a FECAM e ITEP e brevemente a casa estar\u00e1 fazendo emiss\u00e3o de identidade, pois, a casa n\u00e3o \u00e9 s\u00f3 dos Vereadores e sim do povo.<b> </b>Falou sobre Requerimento pedindo a limpeza de algumas ruas e da avenida m\u00e3e Gonzaga e ainda n\u00e3o teve solu\u00e7\u00e3o.<b> </b>Falou sobre o transporte escolar das comunidades pedindo solu\u00e7\u00e3o. Disse aos agentes de endemias que o projeto est\u00e1 em an\u00e1lise, mas ficassem tranquilos que a casa vai estar ao lado de quem trabalhou h\u00e1 muitos anos e est\u00e1 para ajudar a solucionar esta situa\u00e7\u00e3o. O Vereador<b> Pedro Alves Cabral Neto,</b> cumprimentou o presidente, Vereadores, funcion\u00e1rios da casa, agentes de endemias e sa\u00fade, Cosmo Sena. Disse que v\u00ea o trabalho s\u00e9rio dos agentes de sa\u00fade e endemias que \u00e9 muito importante e os Vereadores estavam para ajudar no que preciso for. Sobre os aposentados do FGPREV, disse que estava a disposi\u00e7\u00e3o de todos. Falou sobre suas Indica\u00e7\u00f5es pedindo apoio dos Vereadores em sua aprova\u00e7\u00e3o.<b> Na Ordem do Dia: </b>foram para vota\u00e7\u00e3o as mat\u00e9rias em pauta: <b>Projeto de Lei Complementar n\u00ba 01/2019, </b>que altera o <b>paragrafo \u00fanico do art. 68 da Lei Municipal 423/2018</b> GP, Felipe Guerra em 21 de agosto de 2018. O mesmo foi para vota\u00e7\u00e3o e aprovado por 05 (cinco) votos favor\u00e1veis e 04 (quatro) contr\u00e1rios. Foram a favor os Vereadores: <b>Ronaldo Luciano da Costa, Max Iran de Morais, Genilson Santana de Nogueira, J\u00e2nio Nilson Silveira Barra, Francisco Ubiracy Feitosa Pascoal. </b>Foram contr\u00e1rios ao projeto os Vereadores:<b> Djalma Laurindo da Silva, Pedro Alves Cabral Neto, Marcos Aur\u00e9lio Alves de Mortais, Francisco Canind\u00e9 de Menezes. Parecer n\u00ba 03/2019</b> <b>CLJRF</b>. <b>Requerimento n\u00ba</b> <b>03/2019,</b> do Vereador <b>Max Iran de Morais</b>, o mesmo foi aprovado por Vereadores presentes. <b>Indica\u00e7\u00f5es n\u00ba 09, 010, 011, 012, 013, 014/2019</b>, para que seja investido na infraestrutura rota das cavernas, dos Vereadores: Francisco Ubiracy Feitosa Pascoal, Max Iran de Morais, J\u00e2nio Nilson da Silveira Barra, Ronaldo Luciano da Costa, Genilson Santana de Nogueira. <b>Na Hora da Comunidade:</b> Ningu\u00e9m se inscreveu. <b>Nas Explica\u00e7\u00f5es</b> <b>Pessoais:</b> Fizeram uso da palavra os Vereadores<b>: Francisco Ubiracy Feitosa Pascoal, J\u00e2nio Nilson Silveira Barra</b>. <b>\u00a0</b>E como n\u00e3o havia mais nada para o momento a sess\u00e3o foi encerrada. Eu________2\u00ba secret\u00e1rio transcrevi a presente ata que<b> </b>vai assinada por mim, pelo presidente e demais Vereadores presentes.</p>\r\n<p style=\"text-align: right; \">Sala das Sess\u00f5es Vereador Domilson Cris\u00f3stomo da Silva. C\u00e2mara Municipal de Felipe Guerra/RN, em 27 de mar\u00e7o de 2019.<b></b></p>", "author_name": "", "version": "1.0", "author_url": "https://www.felipeguerra.rn.leg.br/author/feg", "provider_name": "C\u00e2mara Municipal de Felipe Guerra/RN ", "type": "rich"}