{"provider_url": "https://www.felipeguerra.rn.leg.br", "title": "Sess\u00e3o Ordin\u00e1ria", "html": "<p style=\"text-align: justify; \">Aos 16 dias do m\u00eas de abril do ano de 2019 (dois mil e dezenove), reuniram-se ordinariamente no pal\u00e1cio Vereador Joel Canela, sob a Presid\u00eancia do senhor Vereador <b>Ronaldo Luciano da Costa, </b>que ao constatar a presen\u00e7a dos senhores Vereadores: <b>Djalma Laurindo da Silva, Francisco Canind\u00e9 de Menezes, Francisco Ubiracy Feitosa Pascoal, Genilson Santana de Nogueira, J\u00e2nio Nilson Silveira Barra, Marcos Aur\u00e9lio Alves de Morais, Max Iran Morais, Pedro Alves Cabral Neto. </b>O Presidente declara aberta a Sess\u00e3o, convidando o primeiro secret\u00e1rio a fazer a leitura da ata anterior que depois de lida foi aprovada por Vereadores presentes. <b>No Pequeno Expediente:</b> n\u00e3o houve mat\u00e9rias para serem lidas. <b>No Grande Expediente:</b> Fizeram uso os Vereadores: <b>Francisco Ubiracy Feitosa</b> <b>Pascoal, </b>cumprimentou o presidente, Vereadores, registrou a presen\u00e7a dos agentes de endemias na casa, cumprimentou os internautas acompanhando as atividades da casa. Falou da import\u00e2ncia dos Vereadores na capital federal, com lutas batalhadas para nossa cidade, onde foram bem representados. Falou da participa\u00e7\u00e3o no encontro, em Apodi, com a Governadora do Estado do Rio Grande do Norte, Fatima Bezerra, onde foi falado do tema sobre a oportunidade das pessoas de baixas renda terem direito de comercializar seus produtos e fazer com que a compra direta seja um programa do Governo, fortalecendo assim \u00e0 agricultura<b>. </b>Convidou os Vereadores para fazerem uma visita \u00e0 BR 405. Falou na aprova\u00e7\u00e3o dos projetos de suma import\u00e2ncia para o Munic\u00edpio, como tamb\u00e9m, os novos projetos com novos sonhos, e chegar ao final do seu mandato com o final do projeto no Legislativo, trazendo inova\u00e7\u00e3o e esperan\u00e7a e que essa cidade possa ser melhor para cada um<b>. </b>O Vereador<b> Genilson Santana de Nogueira,</b> cumprimentou o presidente<b>, </b>Vereadores, funcion\u00e1rios da casa, blogueiro Vinicius, ex-Vereador Dr. Joel Canela, agentes de endemias e demais presentes na casa. Agradeceu a Deus por mais uma sess\u00e3o. Usava a tribuna para dizer sobre a import\u00e2ncia da 22\u00aa (Vig\u00e9sima segunda) Marcha em Bras\u00edlia-DF, onde teve a oportunidade de representar o Munic\u00edpio de Felipe Guerra, juntamente com o Presidente da casa Ronaldo Luciano da Costa, e Vice-Prefeito Salom\u00e3o Gomes; na oportunidade conheceram o Presidente da Republica Jair Bolsonaro, Presidente da C\u00e2mara dos Deputados Rodrigo Maia, v\u00e1rios Deputados, Ministros, Governadores e Prefeitos; Tamb\u00e9m, passaram por v\u00e1rios gabinetes de Deputados e Senadores, entregando requerimentos para que fa\u00e7am emendas para o turismo: Na oportunidade foi entregue Requerimento no gabinete de Beto Rosado, para que seja destinada emenda para a constru\u00e7\u00e3o da quadra de esportes na comunidade de Arapu\u00e1. Falou da tristeza sobre o \u00f4nibus de Arapu\u00e1, que est\u00e1 h\u00e1 mais de m\u00eas sem funcionar e isso est\u00e1 passando dos limites, pois, n\u00e3o sabe como ir\u00e3o ficar os alunos no final do ano letivo com faltas, ficando todos prejudicados<b>. </b>O Vereador<b> J\u00e2nio Nilson Silveira Barra, </b>cumprimentou o presidente, Vereadores, funcion\u00e1rio da casa, agentes de endemias, cumprimentou Cosmo Sena e demais presentes. Ouviu atento as coloca\u00e7\u00f5es dos colegas Ubiracy e Genilson. Disse que h\u00e1 poucos dias, observou reclama\u00e7\u00f5es dos alunos sobre o transporte escolar nas redes sociais; Disse que todos tem que se preocupar, pois, h\u00e1 mais de m\u00eas que os alunos vem sendo prejudicados; Sobre a agricultura, falou sobre o corte de terra que todas as cidades vizinhas foram feitas e o Munic\u00edpio de Felipe Guerra, nada feito. Comentou sobre a maternidade, ponte do S\u00e3o Louren\u00e7o, h\u00e1 mais de ano e nada foi feito, e n\u00f3s Vereadores temos que cobrar, pois, da maneira que est\u00e1 n\u00e3o pode ficar, e ficava muito triste com isso. Sobre o turismo pediu a todos, para que divulguem as cachoeiras, pois, s\u00f3 quem ganha \u00e9 o Munic\u00edpio. O Vereador<b> Marcos Aur\u00e9lio de Morais, </b>cumprimentou o presidente, Vereadores, funcion\u00e1rios da casa, amigos(as), que acompanhavam pelas redes sociais, amigos da plateia fazendo referencia ao irm\u00e3o Washington da Assembleia de Deus, de Mossor\u00f3. Secret\u00e1rio de turismo Luiz Agnaldo, agentes de endemias; ouviu os amigos atentamente falando em emendas e recursos. Disse que \u00e9 Vereador de primeiro mandato, novo na pol\u00edtica com 2 anos e 4 meses na C\u00e2mara, acompanha o discurso de todos. Sobre oposi\u00e7\u00e3o e situa\u00e7\u00e3o, disse que \u00e9 muito f\u00e1cil ser oposi\u00e7\u00e3o, pois, s\u00f3 aponta erros, fazendo discursos querendo aparecer com criticas; falou sobre a sess\u00e3o passada quando Gilvandro apresentou \u00e0 situa\u00e7\u00e3o do Munic\u00edpio. Disse que em seus pronunciamentos sempre falou em sess\u00f5es passadas, pois, passaram 40 anos e nunca fizeram uma ponte, e hoje nessa gest\u00e3o esta sendo feita e o Prefeito estava de parab\u00e9ns, pois, as criticas s\u00e3o f\u00e1cil de fazer; Sobre o \u00f4nibus falou que na pr\u00f3xima sess\u00e3o estar\u00e1 pronto; disse que n\u00e3o adiantava subestimar a intelig\u00eancia do eleitor, pois, Vereador tem que falar, fazer e mostrar trabalho. Parabenizou o Vereador Max Morais, pelas a\u00e7\u00f5es feitas no Munic\u00edpio; falou que \u00e9 importante servir a sociedade, e fazer o papel do Vereador que \u00e9; exigir, cobrar, fiscalizar e mostrar o seu papel. O vereador<b> Max Iran de Morais, </b>cumprimentou o presidente, Vereadores, e demais presentes na sess\u00e3o. Iniciou prestando solidariedade aos alunos da comunidade de Arapu\u00e1 e Mulungu, pedindo provid\u00eancias \u00e0 secret\u00e1ria de educa\u00e7\u00e3o sobre o \u00f4nibus, pois, os alunos est\u00e3o sendo prejudicados e alguma coisa tem que ser feita. Falou sobre a associa\u00e7\u00e3o de Santana, dizendo o que \u00e9 feito com os recursos que entra na comunidade, gerando emprego e renda; deixou a presid\u00eancia da associa\u00e7\u00e3o em 2016 assumindo o jovem Maspolly, que est\u00e1 fazendo um belo trabalho; Falou sobre a feira da agricultura familiar que ser\u00e1 realizada pela 1\u00aa vez no Munic\u00edpio de Felipe Guerra. <b>Na Ordem do Dia: </b>Foram para vota\u00e7\u00e3o as mat\u00e9rias em pauta: <b>Parecer n\u00ba 08/2019-CCLJRF. </b>Ao <b>projeto de Lei n\u00ba002/2019</b>, disp\u00f5e sobre obrigatoriedade de contrata\u00e7\u00e3o de jovens e idosos, pelas empresas prestadoras de Servi\u00e7os a \u00f3rg\u00e3os da administra\u00e7\u00e3o p\u00fablica Municipal, direta e indireta. O projeto foi aprovado por unanimidade. <b>Indica\u00e7\u00f5es n\u00ba 024, 025/2019,</b> do Vereador <b>Max Iran de Morais</b>, as mesmas foram para vota\u00e7\u00e3o e aprovadas por Vereadores presentes. <b>Pedido de Informa\u00e7\u00f5es n\u00ba 01/2019</b>, solicitando do Executivo, informa\u00e7\u00f5es a respeito das aplica\u00e7\u00f5es de recursos do fundo da <b>Lei Municipal n\u00ba 309/2012</b>, revogada pela <b>Lei Municipal n\u00ba 339/2014</b>, o pedido foi aprovado por Vereadores presentes.<b> Na Hora</b> <b>da Comunidade:</b> Inscrito o Secret\u00e1rio de Turismo e Eventos o senhor Luiz Agnaldo de Souza. Assunto falar sobre o turismo. <b>Nas Explica\u00e7\u00f5es Pessoais: Usaram da palavra os Vereadores: Francisco Ubiracy Feitosa Pascoal, Marcos Aur\u00e9lio Alves de Morais. </b>E como n\u00e3o havia mais nada para o momento a sess\u00e3o foi encerrada. Eu________2\u00ba secret\u00e1rio transcrevi a presente ata que<b> </b>vai assinada por mim, pelo presidente e demais Vereadores presentes.</p>\r\n<p style=\"text-align: right; \">Sala das Sess\u00f5es Vereador Domilson Cris\u00f3stomo da Silva.\u00a0<span>C\u00e2mara Municipal de Felipe Guerra/RN, em 16 de abril de 2019.</span></p>", "author_name": "", "version": "1.0", "author_url": "https://www.felipeguerra.rn.leg.br/author/feg", "provider_name": "C\u00e2mara Municipal de Felipe Guerra/RN ", "type": "rich"}