{"provider_url": "https://www.felipeguerra.rn.leg.br", "title": "Sess\u00e3o Ordin\u00e1ria", "html": "<p style=\"text-align: justify; \">Aos 09 dias do m\u00eas de abril do ano de 2019 (dois mil e dezenove), reuniram-se ordinariamente no pal\u00e1cio Vereador Joel Canela, sob a Presid\u00eancia Interina do Senhor Vereador <b>J\u00e2nio Nilson Silveira Barra, </b>que ao constatar a presen\u00e7a dos Senhores Vereadores: <b>Djalma Laurindo da Silva Junior, Francisco Ubiracy Feitosa Pascoal, Marcos Aur\u00e9lio Alves de Morais, Max Iran de Morais, Pedro Alves Cabral Neto. Ausente os Vereadores: Francisco Canind\u00e9 de Menezes,</b> <b>Genilson Santana de</b> <b>Nogueira, Ronaldo Luciano da Costa. </b>O Presidente declara aberta a Sess\u00e3o, convidando o Vereador <b>Marcos Aur\u00e9lio Alves de Morais</b>, para fazer parte da mesa como segundo secret\u00e1rio na aus\u00eancia do Vereador <b>Genilson Santana de Nogueira</b>. Em seguida convida o mesmo para fazer a leitura da ata anterior que depois de lida foi aprovada por Vereadores presentes. O presidente Interino Justificou a aus\u00eancia dos Vereadores <b>Ronaldo Luciano da Costa</b> e <b>Genilson Santana de Nogueira,</b> que est\u00e3o participando da marcha em Bras\u00edlia-DF. Justificou a aus\u00eancia do Vereador <b>Francisco Canind\u00e9 de Menezes</b>.\u00a0 <b>No Pequeno Expediente</b>: N\u00e3o houve mat\u00e9rias para serem lidas. <b>No Grande Expediente: </b>Fez uso da<b> </b>palavra O Vereador<b> Francisco Ubiracy Feitosa Pascoal, </b>cumprimentou o Presidente, Vereadores, e demais presentes na casa. \u00a0Falou da import\u00e2ncia dos representantes da casa em Bras\u00edlia, o presidente Ronaldo Luciano e Genilson Santana que levaram ao gabinete de todos os congressistas representantes do Rio Grande do Norte, os pedidos para que o Munic\u00edpio de Felipe Guerra como sendo uma das potencialidades tur\u00edsticas do interior do Rio Grande do Norte. Falou sobre a situa\u00e7\u00e3o pol\u00edtica que o Pa\u00eds est\u00e1 vivendo. Pediu ao assessor jur\u00eddico da casa que enviasse of\u00edcio a cada congressista em nome de todos os Vereadores da casa para que aprece a reforma da previd\u00eancia retirando dela a quest\u00e3o do agricultor que precisa ser corrigida, deixava esse pedido dizendo que estavam bem representados em Bras\u00edlia pelos Vereadores e pelo vice-Prefeito Salom\u00e3o Gomes. Agradeceu a participa\u00e7\u00e3o. O Vereador <b>Marcos Aur\u00e9lio Alves de Morais, </b>cumprimentou o Presidente<b>, </b>Vereadores<b>, </b>funcion\u00e1rios da<b> </b>casa, blogueiro Vinicius, doutor Joel Canela<b> </b>e demais presentes no plen\u00e1rio. Agradecendo a Deus por mais uma sess\u00e3o. Iniciou falando da reforma da previd\u00eancia, dizendo que a fala do presidente Rodrigo Maia, lhe chamou a aten\u00e7\u00e3o quando ele disse: \u201cA reforma da previd\u00eancia precisa ser aprovada ou n\u00f3s pol\u00edticos n\u00e3o podemos sair nas ruas\u201d porque todos os Estados brasileiros e Munic\u00edpios perder\u00e3o os controles de suas contas, explicando sobre o assunto. Lembrou sobre a sess\u00e3o passada quando Gilvandro fez explana\u00e7\u00e3o explicando sobre os recursos do Munic\u00edpio, disse que precisam enfrentar a realidade, mas tamb\u00e9m, precisam procurar caminhos para que tenham economia e priorizar aquilo que \u00e9 prioridade. Encerrou sua participa\u00e7\u00e3o agradecendo a Deus pelo momento.<b> Na Ordem do Dia: </b>foi para vota\u00e7\u00e3o mat\u00e9rias em pauta: <b>Parecer n\u00ba</b> <b>054/2017</b> ao <b>Projeto de Lei n\u00ba 011/2019</b>. <b>Projeto de Lei n\u00ba 11/2019, </b>que institui a inclus\u00e3o de l\u00edngua brasileira de sinais LIBRAS, no curr\u00edculo escolar no \u00e2mbito do Munic\u00edpio de Felipe Guerra/RN, o mesmo foi para vota\u00e7\u00e3o e aprovado por Vereadores presentes.<b> Na Hora da Comunidade:</b> Ningu\u00e9m se inscreveu. <b>Nas Explica\u00e7\u00f5es</b> <b>Pessoais:</b> Fizeram uso da palavra os Vereadores: Marcos Aur\u00e9lio Alves de Morais, Francisco Ubiracy Feitosa Pascoal. <b>\u00a0</b>E como n\u00e3o havia mais nada para o momento a sess\u00e3o foi encerrada. Eu________2\u00ba secret\u00e1rio Interino transcrevi a presente ata que<b> </b>vai assinada por mim, pelo presidente e demais Vereadores presentes.</p>\r\n<p style=\"text-align: right; \">Sala das Sess\u00f5es Vereador Domilson Cris\u00f3stomo da Silva. C\u00e2mara Municipal de Felipe Guerra/RN, em 09 de abril de 2019.</p>", "author_name": "", "version": "1.0", "author_url": "https://www.felipeguerra.rn.leg.br/author/feg", "provider_name": "C\u00e2mara Municipal de Felipe Guerra/RN ", "type": "rich"}