{"provider_url": "https://www.felipeguerra.rn.leg.br", "title": "Sess\u00e3o Ordin\u00e1ria", "html": "<p style=\"text-align: justify; \">Aos 07 dias do m\u00eas de maio do ano de 2019 (dois mil e dezenove), reuniram-se no Pal\u00e1cio Vereador Joel Canela, sob a Presidente do senhor Vereador Ronaldo Luciano da Costa,<b> </b>que ao constatar a presen\u00e7a dos senhores Vereadores: <b>Djalma Laurindo da Silva J\u00fanior,</b> <b>Francisco Canind\u00e9 de Menezes, Francisco Ubiracy Feitosa Pascoal, Genilson Santana de Nogueira, J\u00e2nio Nilson Silveira Barra, Marcos Aur\u00e9lio Alves de Morais, Max Iram de Morais, Pedro Alves Cabral Neto. </b>O presidente convida o segundo secret\u00e1rio para fazer a leitura da ata anterior, que foi aprovada por todos os Vereadores. <b>No Pequeno</b> <b>Expediente:</b> Foi lido<b> </b>o <b>of\u00edcio n\u00ba</b> <b>075/2019</b>, encaminhando o VETO, na sua integridade ao <b>Projeto de Lei n\u00ba</b> <b>011/2017,</b> do Vereador <b>Francisco Ubiracy Feitosa Pascoal</b>. <b>No Grande Expediente:</b> nenhum Vereador fez uso da palavra. <b>Na Ordem do Dia:</b> N\u00e3o Houve mat\u00e9rias. <b>Nas Explica\u00e7\u00f5es Pessoais:</b> nenhum Vereador usou a palavra. <b>Na hora da Comunidade:</b> Ningu\u00e9m se inscreveu. E como n\u00e3o havia mais nada para o momento a sess\u00e3o foi encerrada. <b>Dando continuidade aos trabalhos Legislativos foi</b> <b>aberta a</b> <b>Audi\u00eancia P\u00fablica.</b> O Presidente convidou a compor a mesa; o Delegado de policia civil o senhor Get\u00falio J. de Medeiros. Agente da pol\u00edcia civil, o senhor Jos\u00e9 Luiz. Capit\u00e3o da pol\u00edcia militar, o senhor Costa e Silva. Vice-Prefeito Salom\u00e3o Gomes de Oliveira. Demais presentes, Sonia Barra, Marcos, Francisco de Oliveira, Marc\u00edlio Ramalho, Elias Bernardino, ex-Vereador Djalma Laurindo da Silva. A palavra foi facultada, a qual fez uso o Vereador <b>Francisco Ubiracy Feitosa Pascoal,</b> cumprimentou os Vereadores, vice-Prefeito Salom\u00e3o Gomes, e demais presentes na plateia. Disse que o convite feito pelo presidente foi oportuno, pois, Felipe Guerra est\u00e1 vivendo um momento complexo e muito dif\u00edcil. Falou sobre a seguran\u00e7a local e sobre o aparato da policia em algumas cidades, citando exemplos de algumas, falou sobre a situa\u00e7\u00e3o da seguran\u00e7a local, encerrando sua fala. Em seguida fez uso da palavra, o <b>Capit\u00e3o Costa e Silva</b>, cumprimentou a todos os presentes, dizendo da alegria de estar mais uma vez na casa e da tristeza de voltar pelo mesmo motivo que j\u00e1 veio antes. Falou que a situa\u00e7\u00e3o da seguran\u00e7a do Munic\u00edpio de Felipe Guerra, n\u00e3o \u00e9 s\u00f3 preocupa\u00e7\u00e3o dos senhores Vereadores, pois, na regional a maior preocupa\u00e7\u00e3o \u00e9 Felipe Guerra, mas tem tentado resolver da melhor maneira poss\u00edvel. Falou sobre o efetivo, propondo solu\u00e7\u00f5es para contornar os problemas relacionados \u00e0 seguran\u00e7a de Felipe Guerra. Participaram os Vereadores Djalma J\u00fanior, Francisco Canind\u00e9, J\u00e2nio Barra. O capit\u00e3o encerou suas palavras agradecendo o convite.\u00a0 Dando continuidade falou o Delegado de pol\u00edcia civil, o senhor <b>Get\u00falio J. de</b> <b>Medeiros, </b>cumprimentou o presidente, senhores Vereadores e todos os presentes na casa. Iniciou falando que o momento \u00e9 importante e crucial com o tema bom \u201cseguran\u00e7a p\u00fablica\u201d, falou que n\u00e3o s\u00f3 em Felipe Guerra, mas, em toda regi\u00e3o oeste tem gente se embrenhando pelo mundo do crime. Falou dos direitos, responsabilidades, seguran\u00e7a p\u00fablica, do que devem e se pode fazer para tentarem resolver a situa\u00e7\u00e3o de Felipe Guerra, quanto a seguran\u00e7a, pois, a falta dela vem assolando o Munic\u00edpio. Teve a participa\u00e7\u00e3o do vice-Prefeito Salom\u00e3o Gomes, dos Vereadores; Genilson Santana e Max Iran. O Presidente da casa, Ronaldo Luciano da Costa, agradeceu a presen\u00e7a do Delegado, dos Vereadores, senhores e senhoras presentes, e deu por encerrada a sess\u00e3o. \u00a0</p>\r\n<p style=\"text-align: right; \">Sala das Sess\u00f5es Vereador Domilson Cris\u00f3stomo da Silva. C\u00e2mara Municipal de Felipe Guerra/RN, em 07 de maio de 2019.</p>", "author_name": "", "version": "1.0", "author_url": "https://www.felipeguerra.rn.leg.br/author/feg", "provider_name": "C\u00e2mara Municipal de Felipe Guerra/RN ", "type": "rich"}