{"provider_url": "https://www.felipeguerra.rn.leg.br", "title": "Sess\u00e3o Ordin\u00e1ria", "html": "<p style=\"text-align: justify; \">Aos 18 dias do m\u00eas de junho do ano de 2019 (dois mil e dezenove), reuniram-se ordinariamente no pal\u00e1cio Vereador Joel Canela, sob a Presid\u00eancia do senhor Vereador <b>Ronaldo Luciano da Costa, </b>que ao constatar, a presen\u00e7a dos senhores Vereadores: <b>Djalma Laurindo da Silva J\u00fanior, Francisco Canind\u00e9 de Menezes, Francisco Ubiracy Feitosa Pascoal, Genilson Santana de Nogueira, J\u00e2nio Nilson Silveira Barra, Marcos Aur\u00e9lio Alves de Morais, Max Iran de Morais, Pedro Alves Cabral Neto. </b>O Presidente declara aberta a Sess\u00e3o, convidando o segundo secret\u00e1rio Genilson Santana de Nogueira, para fazer a leitura da ata anterior, que depois de lida foi aprovada e assinada por Vereadores presente. <b>No Pequeno Expediente</b>: O primeiro secret\u00e1rio Max Iran de Morais, fez a leitura das mat\u00e9rias em pauta: <b>Indica\u00e7\u00f5es n\u00ba 027, 028, 029, 030, 031/2019</b>, de autoria do Vereador Djalma Laurindo da Silva J\u00fanior. <b>Requerimento n\u00ba 06/2019</b> do vereador Francisco Ubiracy Feitosa Pascoal. \u00a0<b>No Grande Expediente:</b> Fez uso o Vereador<b> Djalma</b> <b>Laurindo da Silva J\u00fanior</b>, cumprimentou o presidente, Vereadores, funcion\u00e1rios da casa, Vin\u00edcius e demais presente na sess\u00e3o. Iniciou falando das reinvindica\u00e7\u00f5es dos colegas Vereadores, que \u00e9 de suma import\u00e2ncia para o Munic\u00edpio, beneficiando a popula\u00e7\u00e3o, quando a casa Legislativa abra\u00e7a \u00e0 causa. Falou que esteve no Banco do Brasil, para resolver algo, e foi informado pelo gerente que o CNPJ da C\u00e2mara Municipal, n\u00e3o estava normal, pediu informa\u00e7\u00e3o, pois, passou por um grande constrangimento. O Vereador<b> Francisco Ubiracy Feitosa Pascoal, </b>cumprimentou o presidente, Silas Pascoal, Duquinha, amigos presentes, imprensa, Vinicius Valentim. Iniciou falando da \u00e1rea cont\u00e1bil da casa; em seguida, falou da defici\u00eancia das comiss\u00f5es em n\u00e3o funcionar, pois, foram agendadas para se reunirem todas as ter\u00e7a-feira, e n\u00e3o est\u00e1 acontecendo. Disse que entrou na casa com um pedido para reunir todos os panificadores com o SEBRAE e CDL, pois, em Felipe Guerra tem a melhor massa do Rio Grande do Norte, e n\u00e3o tem uma marca, e uma associa\u00e7\u00e3o para se organizar, acredita se fizerem a sua parte as coisas v\u00e3o acontecer. Falou dos confrontos de ideias, que \u00e9 muito importante; comentou sobre os caixas eletr\u00f4nicos, que tem esperan\u00e7a de funcionar. Encerrou sua participa\u00e7\u00e3o.\u00a0 O vereador<b> J\u00e2nio Nilson Silveira Barra, </b>cumprimentou os Vereadores, funcion\u00e1rios da casa, assessor Joel Canela, blogueiros, Valcione, Vinicius, Agentes de endemias, e internautas. Ouviu atento aos colegas, sobre a preocupa\u00e7\u00e3o com os bancos, que sempre tentaram resolver, e esta casa precisa se unir para que a situa\u00e7\u00e3o se resolva, pois, esta faltando respeito para com<b> </b>a nossa sociedade; com rela\u00e7\u00e3o ao pedido do colega, tem que se unir e cobrar, lembrou das lumin\u00e1rias, que cobrou e foi agilizada. Disse que falou com o Secret\u00e1rio de Esporte, sobre o campo de futebol, para fazerem a limpeza e colocar para funcionar como antes; E sobre os pedidos est\u00e1 \u00e0 disposi\u00e7\u00e3o, pois, a casa unida s\u00f3 quem ganha \u00e9 o povo de nossa terra.<b> </b>Agradeceu a participa\u00e7\u00e3o.<b> </b>O Vereador <b>Marcos Aur\u00e9lio Alves de Morais,</b> cumprimentou o presidente, Vereadores, amigos, Lucas, Silas, funcion\u00e1rios da casa, todos que acompanhavam pelas redes sociais. Disse aos colegas que passaram pela tribuna, que est\u00e3o com raz\u00e3o em fazer reinvindica\u00e7\u00f5es, e sobre os bancos seria bom, que tivessem respeito pela casa, e pela popula\u00e7\u00e3o que sofre com a falta de ag\u00eancia no Munic\u00edpio, vai ser necess\u00e1rio tomar uma atitude. Sobre o campo de futebol, \u00e9 triste, pois, todos sabem das dificuldades, e a forma que o Estado se encontra, e o colega tem raz\u00e3o, pois, tem que haver o interesse da Secret\u00e1ria de Esporte e do gestor, para que o futebol volte a acontecer naquele local. Falou das melhorias das estradas, e disse que na primeira oportunidade com o gestor falar\u00e1 sobre o assunto. Parabenizou o Deputado Rafael Motta, que visitou as obras de cal\u00e7amento, e que tem beneficiado a cidade com emendas, tendo compromisso com nossa cidade e fechando outros com o Prefeito, pois, a prefeitura n\u00e3o para de se movimentar. Na \u00e1rea da sa\u00fade parabenizava o Deputado Estadual Bernardo Amorim, que tem ajudado muito na \u00e1rea de cirurgia, dando muita aten\u00e7\u00e3o, estava de parab\u00e9ns. Agradeceu a participa\u00e7\u00e3o.\u00a0 <b>Na Ordem do Dia: </b>Foram para vota\u00e7\u00e3o as mat\u00e9rias em pauta: <b>Parecer n\u00ba 016/2019,</b> ao <b>Projeto de Lei n\u00ba 06/2019</b>, o mesmo foi aprovado por Vereadores presentes. <b>Requerimento n\u00ba 05/2019, </b>acompanhado do<b> Parecer n\u00ba 018/2019,</b> foram para vota\u00e7\u00e3o e aprovados por Vereadores presentes. <b>Projeto de Lei n\u00ba 05/2019, </b>que autoriza o Poder Executivo, a doar im\u00f3vel de propriedade do Munic\u00edpio \u00e0 entidade civil sem fins lucrativos, que especifica e da outras provid\u00eancias; acompanhado da <b>Emenda Substitutiva n\u00ba 003/2019, </b>acompanhados e dos<b> pareceres</b> <b>n\u00ba 019, 020/2019 CLJRF</b>, as mesmas foram para vota\u00e7\u00e3o e aprovadas por unanimidade nesta casa Legislativa. <b>\u00a0Na Hora</b> <b>da Comunidade:</b> N\u00e3o houve inscritos. \u00a0<b>Nas Explica\u00e7\u00f5es Pessoais: </b>Fizeram uso os Vereadores<b> Francisco Ubiracy Feitosa Pascoal </b>e<b> Marcos Aur\u00e9lio Alves de Morais,</b> como n\u00e3o havia mais nada para o momento a sess\u00e3o foi encerrada. Eu________2\u00ba secret\u00e1rio transcrevi a presente ata, que<b> </b>vai assinada por mim, pelo presidente e demais Vereadores presentes.</p>\r\n<p style=\"text-align: right; \">Sala das Sess\u00f5es Vereador Domilson Cris\u00f3stomo da Silva. C\u00e2mara Municipal de Felipe Guerra/RN, em 18 de junho de 2019.<b></b></p>", "author_name": "", "version": "1.0", "author_url": "https://www.felipeguerra.rn.leg.br/author/feg", "provider_name": "C\u00e2mara Municipal de Felipe Guerra/RN ", "type": "rich"}