{"provider_url": "https://www.felipeguerra.rn.leg.br", "title": "Sess\u00e3o Ordin\u00e1ria", "html": "<p style=\"text-align: justify; \">Aos 28 dias do m\u00eas de maio do ano de 2019 (dois mil e dezenove), reuniram-se ordinariamente no pal\u00e1cio Vereador Joel Canela, sob a Presid\u00eancia do senhor Vereador <b>Ronaldo Luciano da Costa, </b>que ao constatar a presen\u00e7a dos senhores Vereadores:<b> Francisco Canind\u00e9 de Menezes, Francisco Ubiracy Feitosa Pascoal, Genilson Santana de Nogueira, J\u00e2nio Nilson Silveira Barra, Marcos Aur\u00e9lio Alves de Morais, Max Iran de Morais, Pedro Alves Cabral Neto. </b>Ausente o vereador<b> Djalma Laurindo da Silva J\u00fanior. </b>O Presidente declara aberta a Sess\u00e3o, convidando o segundo secret\u00e1rio <b>Genilson Santana de Nogueira,</b> para fazer a leitura da ata anterior, que depois de lida foi aprovada por Vereadores presentes. <b>No Pequeno Expediente: </b>Foram lidas as mat\u00e9rias em pauta pelo primeiro secret\u00e1rio <b>Max Iran de Morais</b>; <b>Of\u00edcio n\u00ba 92/2019,</b> encaminhado a esta casa o Relat\u00f3rio de Gest\u00e3o Fiscal \u2013RGF- 1\u00ba quadrimestre, e Relat\u00f3rio resumido de execu\u00e7\u00e3o or\u00e7ament\u00e1ria- REED-2\u00ba bimestre 2019, Felipe Guerra/RN em 27 de maio de 2019. <b>Emenda Substitutiva n\u00ba 03/2019, </b>ao paragrafo primeiro do <b>artigo 3\u00ba do Projeto de Lei n\u00ba 005/2019GP</b>, autoriza o poder Executivo Municipal, a doar im\u00f3vel de propriedade do Munic\u00edpio a entidade civil sem fins lucrativos; autores da emenda Ronaldo Luciano da Costa, Francisco Ubiracy Feitosa Pascoal, em 28 de maio de 2019. <b>Projeto de Lei n\u00ba 05/2019,</b> que denomina de pal\u00e1cio Prefeito Raimundo Pascoal, o pr\u00e9dio sede do poder Executivo Municipal de Felipe Guerra/RN, em 27 de maio de 2019. <b>Requerimento n\u00ba 05/2019 </b>dos Vereadores: J\u00e2nio Nilson Silveira Barra, Genilson Santana de Nogueira, Max Iran de Morais. <b>\u00a0No Grande Expediente: </b>Fez uso da palavra o Vereador<b> Francisco Canind\u00e9 de Menezes, </b>agradeceu a Deus por mais uma sess\u00e3o, parabenizou os funcion\u00e1rios da casa, blogueiro Vinicius Valentim, Professor Elias, Duquinha e todos os presentes. Usava a tribuna para dizer que na sess\u00e3o anterior, o Vereador J\u00e2nio Barra, falou sobre a limpeza do cemit\u00e9rio, e pode constatar, que estava sendo feita; Sobre a ilumina\u00e7\u00e3o p\u00fablica, disse que a secret\u00e1ria, j\u00e1 estava providenciando, como tamb\u00e9m, as estradas estragadas, pois, parou as chuvas, e ser\u00e3o recuperadas. Falou da responsabilidade da administra\u00e7\u00e3o p\u00fablica, que est\u00e1 tendo dificuldades, n\u00e3o s\u00f3 no nosso Munic\u00edpio, mas, o Prefeito tem se esfor\u00e7ado para que as coisas caminhem, com v\u00e1rias emendas e com o apoio de Deputados, dar\u00e1 andamento e administra\u00e7\u00e3o. Agradeceu a participa\u00e7\u00e3o. O Vereador<b> Francisco Ubiracy Feitosa Pascoal, </b>cumprimentou o Presidente<b>, </b>Vereadores<b>, </b>assessor Joel Canela<b>. </b>Iniciou dizendo que precisam se reunir para discutirem assuntos importantes na casa, como tamb\u00e9m, criarem uma proposta para fazerem uma comenda \u201cPedra de Abelha\u201d para homenagear na emancipa\u00e7\u00e3o politica do Munic\u00edpio, ou seja, \u00e0s pessoas que contribu\u00edram para o Munic\u00edpio. Falou da felicidade do Projeto de Libras, ter sido acatado pela comiss\u00e3o de educa\u00e7\u00e3o, sendo obrigat\u00f3rio vir um t\u00e9cnico em libras, para estar treinando os professores nas escolas, em 2020. Falou sobre as elei\u00e7\u00f5es passadas, dizendo que precisam ter esperan\u00e7as, e que precisam conhecer os parlamentares, pois, muitos contribu\u00edram para o Munic\u00edpio e regi\u00e3o. O Vereador<b> J\u00e2nio Nilson Silveira Barra,</b> cumprimentou o presidente, Vereadores, funcion\u00e1rios da casa, representantes da quadrilha Levanta Poeira, Professor Elias, Duquinha, assessor jur\u00eddico Joel Canela, advogado da casa. Falou das cobran\u00e7as feitas ao Executivo, como a limpeza do cemit\u00e9rio que esta sendo conclu\u00eddo; Sobre as estradas vicinais, que em per\u00edodo de inverno ficam prec\u00e1rias, e os Vereadores representantes do povo cobram porque quem ganha \u00e9 o munic\u00edpio com as melhorias que s\u00e3o feitas; Disse que os Munic\u00edpios precisam de parceria uns com os outros, pois, todos tem divisa com os de Apodi, Governador, Cara\u00fabas e os Prefeitos t\u00eam condi\u00e7\u00f5es de fazer. Sobre o assunto falado pelo colega Ubiracy, disse que, os Vereadores precisam se unir, como tamb\u00e9m, precisam pedir emendas para educa\u00e7\u00e3o e sa\u00fade, que \u00e9 o essencial para a na\u00e7\u00e3o. O Vereador<b> Marcos</b> <b>Aur\u00e9lio Alves de Morais,</b> cumprimentou presidente, Vereadores, funcion\u00e1rios da casa, amigos que acompanhavam pelas redes sociais, plateia presente, Professor Elias, quadrilha Levanta Poeira, agradeceu a Deus por esse momento, justificou a aus\u00eancia de Djalma Junior. Disse que ouviu atento os colegas, dizendo que cobrou as estradas ao gestor Haroldo Ferreira, que afirmou providenciar as melhorias das mesmas. Falou dos cortes feitos pelo Estado e Munic\u00edpios, que todos passam por dificuldades, principalmente o Munic\u00edpio de Felipe Guerra, que est\u00e1 vivendo um momento muito dif\u00edcil, e precisam da contribui\u00e7\u00e3o principalmente dos Deputados, que o desembolso \u00e9 de 103 mil reais por m\u00eas, um ato impensado e irrespons\u00e1vel dos que passaram; Disse que far\u00e1 o trabalho na casa com responsabilidade; Agradeceu a participa\u00e7\u00e3o. \u00a0O Vereador<b> Max Iran de Morais, </b>cumprimentou o presidente da casa, Vereadores, blogueiro Vinicius, Valcione, quadrilha Levanta Poeira, Professor Elias, funcion\u00e1rios da casa e demais amigos que acompanhavam as sess\u00f5es em casa; Iniciou falando das cobran\u00e7as j\u00e1 feitas as estradas, que n\u00e3o vem cobrar e sim procurar solu\u00e7\u00f5es;\u00a0 pediu ao Executivo a limpeza pr\u00f3ximo a UBS da Santana, que o mato e os animais est\u00e3o tomando de conta, e seria vi\u00e1vel a parceria de Felipe Guerra e Cara\u00fabas para o\u00a0 atendimento de m\u00e9dicos, com calend\u00e1rios, pois, ser\u00e1 muito bom para as pessoas, n\u00e3o s\u00f3 da comunidade de Santana, mas, as demais comunidades; Disse que a crise assola o Brasil, mais trabalhando bem, d\u00e1 pra atender as demandas; Grato a Marcos Aur\u00e9lio sobre a ilumina\u00e7\u00e3o p\u00fablica, pois, as comunidades est\u00e3o \u00e0s escuras e precisam de solu\u00e7\u00e3o. Agradeceu a oportunidade. <b>Na Ordem do Dia:</b> N\u00e3o houve mat\u00e9rias para vota\u00e7\u00e3o.\u00a0 <b>Na Hora da Comunidade:</b> Se inscreveu o professor Elias Bernardino, para falar sobre o assunto quadrilhas juninas. <b>Nas Explica\u00e7\u00f5es</b> <b>Pessoais:</b> Fez uso da palavra o Vereador: <b>Francisco Ubiracy Feitosa Pascoal. </b>E como n\u00e3o havia mais nada para o momento, o presidente agradeceu a presen\u00e7a de todos, convidando para a pr\u00f3xima sess\u00e3o, encerrando o expediente. Eu________2\u00ba secret\u00e1rio transcrevi a ata que<b> </b>vai assinada por mim, pelo presidente e demais Vereadores presentes.</p>\r\n<p style=\"text-align: right; \">Sala das Sess\u00f5es Vereador Domilson Cris\u00f3stomo da Silva. C\u00e2mara Municipal de Felipe Guerra/RN, em 28 de maio de 2019.</p>", "author_name": "", "version": "1.0", "author_url": "https://www.felipeguerra.rn.leg.br/author/feg", "provider_name": "C\u00e2mara Municipal de Felipe Guerra/RN ", "type": "rich"}