{"provider_url": "https://www.felipeguerra.rn.leg.br", "title": "Sess\u00e3o Ordin\u00e1ria", "html": "<p style=\"text-align: justify; \">Aos 13 dias do m\u00eas de Agosto do ano de 2019 (dois mil e dezenove), reuniram-se ordinariamente no pal\u00e1cio Vereador Joel Canela, sob a presid\u00eancia do senhor Vereador <b>Ronaldo Luciano da Costa, </b>que ao constatar a presen\u00e7a dos senhores Vereadores: <b>Djalma Laurindo da Silva Junior, Francisco Canind\u00e9 de Menezes, Francisco Ubiracy Feitosa Pascoal, Genilson Santana de Nogueira, J\u00e2nio Nilson Silveira Barra, Marcos Aur\u00e9lio Alves de Morais, Max Iran Morais, Pedro Alves Cabral Neto. </b>O Presidente declara aberta a Sess\u00e3o, convidando o segundo secret\u00e1rio; Genilson Santana de Nogueira, para fazer a leitura da ata anterior, que depois de lida foi aprovada por Vereadores presentes. <b>No Pequeno Expediente</b>: N\u00e3o houve mat\u00e9rias em pauta: <b>No Grande Expediente:</b> Fez uso, o Vereador Francisco Ubiracy Feitosa Pascoal, que cumprimentou o presidente, Vereadores, funcion\u00e1rios da casa, blogueiro Vinicius Valentim, e amigos presentes. Iniciou falando sobre o senso, que sempre teve essa preocupa\u00e7\u00e3o, j\u00e1 foi discutido sobre o assunto, mas, permaneceu e foi perdido grande parte para os Munic\u00edpios de Governador Dix Sept Rosado, Cara\u00fabas, Apodi, e n\u00e3o poderiam aceitar, que as cidades tomem tudo que \u00e9 do nosso Munic\u00edpio, por esta raz\u00e3o, solicitava uma Audi\u00eancia P\u00fablica, com o IBGE para discutir os limites de Felipe Guerra, para o censo 2020, pois, \u00e9 preciso que algo seja feito e n\u00e3o perdermos tudo de uma vez, deixava essa preocupa\u00e7\u00e3o. O Vereador<b> J\u00e2nio Nilson Silveira Barra, </b>cumprimentou o presidente, vereadores, funcion\u00e1rios e demais presentes na sess\u00e3o.<b> </b>Disse que ouviu atento ao colega Ubiracy, dizendo que essa luta vem desde 2005, quando vice-prefeito, juntamente com seu pai, foram a Natal, ao IBGE, e em todas as reparti\u00e7\u00f5es que cabem resolver esse problema, e muita coisa avan\u00e7ou, mas, que essa preocupa\u00e7\u00e3o \u00e9 de todos os Vereadores. Pediu ao presidente para convocar os \u00f3rg\u00e3os competentes para uma Audi\u00eancia P\u00fablica, e resolver essa situa\u00e7\u00e3o. Falou sobre a quest\u00e3o da velocidade dos carros, ao entrar no nosso munic\u00edpio, pr\u00f3ximo \u00e0 escola Maria Bernadete Pinto, que vem causando perigo para os alunos daquela escola. Solicitou a secret\u00e1ria de obras, um calend\u00e1rio para a limpeza na Avenida Mira Selva, pr\u00f3ximo aos feirantes, em hor\u00e1rio adequado. Parabenizou o pastor da Igreja de Cristo, pelas festividades. O Vereador<b> Max</b> <b>Iran de Morais, </b>cumprimentou o presidente, vereadores e demais presentes na sess\u00e3o. Iniciou falando referente ao seu mandato, citando como destaque a busca de cursos profissionalizantes para os jovens do nosso Munic\u00edpio; como cursos de eletrifica\u00e7\u00e3o rural, industrial e panifica\u00e7\u00e3o. Falou da import\u00e2ncia da qualifica\u00e7\u00e3o dos jovens no mercado de trabalho, dizendo que seu mandato ser\u00e1 voltado na busca dessas a\u00e7\u00f5es. Fez cobran\u00e7as ao Executivo, com rela\u00e7\u00e3o ao atraso dos funcion\u00e1rios p\u00fablicos aposentados, que est\u00e1 h\u00e1 quase 04 meses sem receber seus vencimentos. <b>Na Ordem do Dia: </b>N\u00e3o houve mat\u00e9rias para vota\u00e7\u00e3o. <b>Na Hora da</b> <b>Comunidade:</b> N\u00e3o houve inscritos. <b>Nas Explica\u00e7\u00f5es Pessoais: </b>Fez uso o Vereador<b> Francisco Ubiracy Feitosa Pascoal. </b>E como n\u00e3o havia mais nada para o momento, a sess\u00e3o foi encerrada. Eu________2\u00ba secret\u00e1rio, transcrevi a presente ata, que<b> </b>vai assinada por mim, pelo presidente e demais Vereadores presentes.</p>\r\n<p style=\"text-align: right; \">Sala das Sess\u00f5es Vereador Domilson Cris\u00f3stomo da Silva. C\u00e2mara Municipal de Felipe Guerra/RN, em 13 de agosto de 2019.</p>", "author_name": "", "version": "1.0", "author_url": "https://www.felipeguerra.rn.leg.br/author/feg", "provider_name": "C\u00e2mara Municipal de Felipe Guerra/RN ", "type": "rich"}