{"provider_url": "https://www.felipeguerra.rn.leg.br", "title": "Sess\u00e3o Ordin\u00e1ria", "html": "<p style=\"text-align: justify; \">Aos 24 dias do m\u00eas de setembro do ano de 2019 (dois mil e dezenove), reuniram-se ordinariamente no pal\u00e1cio Vereador Joel Canela, sob a Presid\u00eancia do senhor Vereador <b>Ronaldo Luciano da Costa, </b>que ao constatar a presen\u00e7a dos senhores Vereadores: <b>Francisco Ubiracy Feitosa Pascoal, Francisco Canind\u00e9 de Menezes, Djalma Laurindo da Silva Junior, Genilson Santana de Nogueira, J\u00e2nio Nilson Silveira Barra, Marcos Aur\u00e9lio Alves de Morais, Max Iran Morais, Pedro Alves Cabral Neto. </b>O Presidente declara aberta a sess\u00e3o, convidando o segundo secret\u00e1rio, para fazer a leitura da ata anterior, que depois de lida foi aprovada por Vereadores presentes. <b>No Pequeno Expediente:</b> foram lidas as mat\u00e9rias em pauta: <b>Indica\u00e7\u00f5es n\u00ba 33/2019</b>, do Vereador Ronaldo Luciano da Costa. <b>Of\u00edcio n\u00ba 032/2019, </b>do Poder Executivo, encaminhando relat\u00f3rio. <b>No Grande Expediente:</b> Fez uso o Vereador<b> Francisco Ubiracy Feitosa Pascoal, </b>que<b> </b>cumprimentou o presidente, vereadores, e demais presentes na casa do povo.<b> </b>Iniciou falando sobre a situa\u00e7\u00e3o de uma conterr\u00e2nea, que vem precisando de uma cirurgia de emerg\u00eancia, pediu parceria do legislativo, pois, \u00e9 muito dif\u00edcil lutar com doen\u00e7a; Falou sobre o projeto da escola legislativa; Eudivan de G\u00f3is, que ir\u00e1 disponibilizar de 70 cursos, onde o legislativo e a popula\u00e7\u00e3o poder\u00e1 se especializar, isso \u00e9 muito importante. Agradeceu a oportunidade. O Vereador<b> Marcos Aur\u00e9lio Alves de Morais,</b> cumprimentou o presidente, vereadores, funcion\u00e1rios da casa, blogueiros, e amigos presentes. Iniciou falando sobre o Governo do Estado, comentando sobre um decreto, que incentiva as empresas do Estado, trazendo emprego e renda, o Governo, com certeza ficar\u00e1 com 25% de ICMS, e isso causou revolta aos Prefeitos do Estado, explicou mais sobre o tema; Fez coment\u00e1rios sobre a formula \u201c1\u201d, e falou na import\u00e2ncia do amor ao ser humano, fazendo refer\u00eancia ao menino com defici\u00eancia, encerrando assim sua fala. O Vereador<b> J\u00e2nio Nilson Silveira Barra, </b>cumprimentou o presidente, vereadores, blogueiro Vinicius Valentim<b>, </b>assessor Joel Canela, e demais presentes no plen\u00e1rio. Iniciou falando sobre os animais soltos no meio das ruas, e a reclama\u00e7\u00e3o feita pela popula\u00e7\u00e3o, pedia aos donos que tomassem as provid\u00eancias, pois, j\u00e1 causou acidentes na cidade, pedia, que criasse de maneira que n\u00e3o prejudicasse, deixava seu apelo; sobre o decreto que o Vereador Marcos Aur\u00e9lio, falou a respeito, afeta os munic\u00edpios, e isso \u00e9 preocupante, pois, espera as melhoras para todos os rio grandenses; Lamentou o falecimento do senhor \u201cNoca\u201d, que Deus conforte toda fam\u00edlia. Encerrou sua participa\u00e7\u00e3o. <b>Na Ordem do Dia: </b>Foram para vota\u00e7\u00e3o as mat\u00e9rias em pauta. <b>Parecer n\u00ba</b> <b>032/2019</b>, ao <b>Projeto de Resolu\u00e7\u00e3o n\u00ba 02/2019</b>, cria a escola do legislativo de Felipe Guerra, denominado Prof\u00aa Francisca Eudivan de G\u00f3is Silveira. O mesmo foi para vota\u00e7\u00e3o e aprovado por Vereadores presentes. <b>Parecer n\u00ba 33/2019</b> aos <b>Projetos de Decreto n\u00ba 04, 05, 06/2019, </b>concede titulo de cidad\u00e3o felipense aos senhores Isaias Cortez dos Reis, Jorge Ricard Jales Gomes, e a senhora Liria Cavalcante Maia. <b>Na Hora</b> <b>da Comunidade:</b> N\u00e3o houve inscritos. \u00a0<b>Nas Explica\u00e7\u00f5es Pessoais: </b>Fizeram uso os Vereadores: Francisco Ubiracy Feitoza Pascoal e Marcos Aur\u00e9lio Alves de Morais.<b> </b>E como n\u00e3o havia mais nada para o momento, a sess\u00e3o foi encerrada. Eu________2\u00ba secret\u00e1rio, transcrevi a presente ata, que<b> </b>vai assinada por mim, pelo presidente, e demais Vereadores presentes.</p>\r\n<p style=\"text-align: right; \">Sala das Sess\u00f5es Vereador Domilson Cris\u00f3stomo da Silva. C\u00e2mara Municipal de Felipe Guerra/RN, em 24 de setembro de 2019.</p>", "author_name": "", "version": "1.0", "author_url": "https://www.felipeguerra.rn.leg.br/author/feg", "provider_name": "C\u00e2mara Municipal de Felipe Guerra/RN ", "type": "rich"}