{"provider_url": "https://www.felipeguerra.rn.leg.br", "title": "Sess\u00e3o Ordin\u00e1ria", "html": "<p style=\"text-align: justify; \">Ao 08 (oito) dia do m\u00eas de outubro do ano de 2019 (dois mil e dezenove), reuniram-se ordinariamente no pal\u00e1cio Vereador Joel Canela, sob a presid\u00eancia do senhor Vereador <b>Ronaldo Luciano da Costa, </b>que ao constatar a presen\u00e7a dos senhores Vereadores: <b>Djalma Laurindo da</b> <b>Silva Junior,</b> <b>Francisco Ubiracy Feitosa Pascoal, Francisco Canind\u00e9 de Menezes, Genilson Santana de Nogueira, J\u00e2nio Nilson Silveira Barra, Marcos Aur\u00e9lio Alves de Morais, Max Iran Morais, Pedro Alves Cabral Neto. </b>O Presidente declara aberta a sess\u00e3o, convidando o segundo secret\u00e1rio, para fazer a leitura da ata anterior que depois de lida foi aprovada por Vereadores presentes. <b>No Pequeno Expediente</b>; N\u00e3o houve mat\u00e9rias em pauta. <b>No Grande Expediente:</b> Fez uso o Vereador <b>Francisco Ubiracy Feitosa Pascoal, </b>que<b> </b>cumprimentou o presidente, vereadores, senhores presentes na casa do povo. Iniciou falando da felicidade, do representante dos agricultores, Rildo, sempre presente nas sess\u00f5es. Parabenizou os conselheiros eleitos e os que disputaram a elei\u00e7\u00e3o, nesse processo, t\u00e3o importante envolvendo a sociedade, pois, todos tiveram sua importante contribui\u00e7\u00e3o. Convidou os vereadores para todas as quartas-feiras, participarem da reuni\u00e3o das comiss\u00f5es, sobre o or\u00e7amento que \u00e9 importante para o Munic\u00edpio. Falou sobre a aula inaugural da escola legislativa, Eudivan de G\u00f3is, no dia 07 de novembro, falou da import\u00e2ncia dessa professora, por esse motivo, o Poder Legislativo, fez essa homenagem, colocando o seu nome nessa escola dizendo que a educa\u00e7\u00e3o faz a diferen\u00e7a, encerrando sua participa\u00e7\u00e3o. O Vereador <b>Marcos Aur\u00e9lio Alves de Morais, </b>cumprimentou o presidente, amigos na plateia, dirigente da Igreja de Cristo da Comunidade de S\u00e3o Louren\u00e7o, Mikael, convidando a todos para participar, no dia 26 de outubro, do aniversario daquela congrega\u00e7\u00e3o. Cumprimentou o ex-vereador Joel Canela, ouvintes nas redes sociais, funcion\u00e1rios da casa, e a Deus, pela oportunidade de estar mais uma vez na casa do povo. No tocante a explana\u00e7\u00e3o do colega Vereador Ubiracy, falou que Felipe Guerra tem muitos estudantes universit\u00e1rios batalhadores de cursos, e isso \u00e9 muito importante, pois, hoje as empresas s\u00f3 consideram mais aqueles que t\u00eam cursos profissionalizantes, citando exemplo da Petrobr\u00e1s, que estar\u00e1 entregando os campos no Riacho, mas como, \u00e9 empresa privada ser\u00e3o contratados apenas aqueles que tiverem cursos t\u00e9cnicos e nossa cidade tem poucos. Parabenizou todos os conselheiros que participaram dessa elei\u00e7\u00e3o, em especial, aos que foram vencedores que possam fazer um trabalho com responsabilidade, conscientizando e contribuindo com todos os pais de fam\u00edlias, pois, as crian\u00e7as s\u00e3o o futuro da sociedade. Agradeceu a oportunidade. O Vereador<b> Max Iran de Morais</b> cumprimentou o presidente, vereadores, conterr\u00e2neos de Santana, Duquinha, professor Elias, Agnaldo, Rildo, funcion\u00e1rios, e demais presentes na casa do povo. \u00a0Representante da Igreja de Cristo, Mikael, convidando todos para as festividades da Igreja que representa. Usava a tribuna para parabenizar os Conselheiros Tutelar, que foram eleitos, que todos possam desenvolver um trabalho voltado \u00e0s crian\u00e7as e adolescentes, pois, esse \u00e9 o objetivo e a fun\u00e7\u00e3o dos conselheiros. Convidou as comunidades para participarem, no dia 12 de outubro, do dia das crian\u00e7as, que estar\u00e1 realizando, e levando alegria para todas as crian\u00e7as. Agradeceu a participa\u00e7\u00e3o. <b>Na Ordem do Dia: </b>N\u00e3o houve mat\u00e9rias em pauta para vota\u00e7\u00e3o. <b>Na Hora</b> <b>da Comunidade:</b> N\u00e3o houve inscritos. \u00a0<b>Nas Explica\u00e7\u00f5es Pessoais: </b>Fez uso o Vereador: <b>Francisco Ubiracy</b> <b>Feitosa Pascoal</b>.<b> </b>E como n\u00e3o havia mais nada para o momento, a sess\u00e3o foi encerrada. Eu________2\u00ba secret\u00e1rio, transcrevi a presente ata, que<b> </b>vai assinada por mim, pelo presidente, e demais Vereadores presentes.</p>\r\n<p style=\"text-align: right; \">Sala das Sess\u00f5es Vereador Domilson Cris\u00f3stomo da Silva. C\u00e2mara Municipal de Felipe Guerra/RN, em 08 de outubro de 2019.</p>", "author_name": "", "version": "1.0", "author_url": "https://www.felipeguerra.rn.leg.br/author/feg", "provider_name": "C\u00e2mara Municipal de Felipe Guerra/RN ", "type": "rich"}