{"provider_url": "https://www.felipeguerra.rn.leg.br", "title": "Sess\u00e3o Ordin\u00e1ria", "html": "<p style=\"text-align: justify; \">Aos 26 dias do m\u00eas de novembro do ano de 2019 (dois mil e dezenove), reuniram-se ordinariamente no pal\u00e1cio Vereador Joel Canela, sob a presid\u00eancia do senhor Vereador <b>Ronaldo Luciano da Costa, </b>que ao constatar a presen\u00e7a dos senhores Vereadores: <b>Djalma Laurindo da Silva Junior, Francisco Canind\u00e9 de Menezes, Francisco Ubiracy Feitosa Pascoal, Genilson Santana de Nogueira, J\u00e2nio Nilson Silveira Barra, Marcos Aur\u00e9lio Alves de Morais, Max Iran Morais, Pedro Alves Cabral Neto. </b>O Presidente declara aberta a Sess\u00e3o, convidando o vereador Genilson Santana de Nogueira. Em seguida convida o mesmo para fazer a leitura da ata anterior, que depois de lida, foi aprovada por vereadores presentes. <b>No Pequeno Expediente:</b> foram lidas as mat\u00e9rias em pauta: <b>Of\u00edcios n\u00ba 053, 054/2019,</b> encaminhado \u00e0s comiss\u00f5es de Legisla\u00e7\u00e3o Justi\u00e7a e Reda\u00e7\u00e3o Final; Comiss\u00e3o de Finan\u00e7as e Or\u00e7amento da Gest\u00e3o Financeira. Mensagem do chefe de gabinete municipal ao presidente do Poder Legislativo municipal, comunicando o veto ao <b>Projeto de Lei n\u00ba 06/2019</b>, em 14 de novembro de 2019. <b>No Grande Expediente:</b> Fez uso o vereador <b>Francisco Canind\u00e9 de Menezes, </b>que<b> </b>cumprimentou o presidente, colegas vereadores, amigos presentes, blogueiro Vinicius, funcion\u00e1rios da casa, assessor jur\u00eddico Joel Canela, Jo\u00e3o de Deda, Agnaldo, senhores e senhoras, agradeceu a Deus pelo momento de estar mais uma vez na C\u00e2mara Municipal; Iniciou dizendo que estavam no pen\u00faltimo m\u00eas do ano da legislatura, e observando o trabalho do Legislativo e Executivo, tem acompanhado e participado, e quando se aproximava as elei\u00e7\u00f5es, come\u00e7avam os movimentos, os pr\u00e9-candidatos a prefeitos, vereadores; Parabenizava essa legislatura e a todos que tem desenvolvido um trabalho com muita honra e dedica\u00e7\u00e3o; Parabenizava Max Morais, Marcos Aur\u00e9lio, Djalma Junior; Lembrou que n\u00e3o era vereador novato e sim de 04 mandatos, e no pr\u00f3ximo ano, talvez possa enfrentar o desafio; Parabenizava os novatos que fizeram e est\u00e3o fazendo um bom trabalho, com suas fun\u00e7\u00f5es e desafios; Lembrou que pertence ao PSDB, partido do Prefeito, e n\u00e3o tem pretens\u00e3o de abandonar o barco, pois, ele tem feito um grande esfor\u00e7o para desenvolver um trabalho digno e justo para a sociedade de Felipe Guerra; Sobre a sess\u00e3o solene parabenizava a mesa diretora e os vereadores que participaram, e triste porque os agraciados precisam fazer esfor\u00e7o para participar daquele momento, pois, a c\u00e2mara e os vereadores que os indicaram merecem respeito e dignidade por parte daqueles que s\u00e3o agraciados; Pois os t\u00edtulos de cidad\u00e3o, s\u00e3o votados por todos os vereadores. Falou que precisam analisar esse parecer do projeto de vereador para fazer a vota\u00e7\u00e3o final. Encerrando sua participa\u00e7\u00e3o. O Vereador<b> Marcos Aur\u00e9lio Alves de Morais,</b> cumprimentou o presidente, vereadores, todos os presentes, colegas da plateia, amiga Gaiola, ex-vereador, Djalma, agradeceu a Deus por estar mais uma vez na casa do povo discutindo e compartilhando ideias; Ouvindo o colega Francisco Canind\u00e9, parabenizava pelo pronunciamento; Compartilhava sobre a situa\u00e7\u00e3o da \u00e1rea de emprego; Disse que ouviu o Presidente do SIMPREV, dando entrevista na \u00e1rea do petr\u00f3leo, falando sobre a falta de investimento; E acrescentou que em Mossor\u00f3, existe na faixa de 08 mil desempregados; Dizendo que esta faltando investimentos, e tem que se fazer alguma coisa para gerar empregos, pois, \u00e9 o que deseja para todos; Sobre o veto ao <b>projeto 06/2019,</b> foi votado \u00e1 favor por todos, e o prefeito municipal vetou por ser inconstitucional, e o prefeito na pr\u00f3xima semana ir\u00e1 enviar o projeto feito pelo executivo; Disse que todos tem um pensamento diferente, e a sociedade precisa entender que n\u00e3o podem fazer a coisa errada; Falou que fica triste com a situa\u00e7\u00e3o dos professores aposentados, ato grave de irresponsabilidade no projeto, que passou pela casa aprovado e hoje sem solu\u00e7\u00e3o e com certeza algu\u00e9m querendo se promover com a sociedade aprovando uma previd\u00eancia; Disse que foi criticado por n\u00e3o apresentar projeto da lei de responsabilidade fiscal; Disse ser candidato no pr\u00f3ximo ano, apresentando a verdade. Agradeceu a oportunidade. O Vereador<b> J\u00e2nio Nilson Silveira Barra, </b>cumprimentou o presidente, senhores vereadores, assessor jur\u00eddico Joel Canela, funcion\u00e1rios da casa, Yure, Valcione, blogueiro Vinicius, amigos da plateia, Duquinha, ex-vereador Djalma, Marcondes; Iniciou falando sobre a quest\u00e3o dos aposentados, que estiveram presente na casa do povo juntamente com sua pessoa, Ronaldo, Max, e Ubiracy, pedindo solu\u00e7\u00e3o \u00e0 casa, sempre cobrou essa quest\u00e3o que j\u00e1 foram pagos alguns meses com o dinheiro dos Royalties, e depois parou; uns foram \u00e0 justi\u00e7a, e a situa\u00e7\u00e3o continua do mesmo jeito, sem solu\u00e7\u00e3o, deixando essa preocupa\u00e7\u00e3o. Sobre o <b>projeto n\u00ba 06/2019</b>, sobre os contos pediu que os colegas observasse bem o projeto para depois n\u00e3o culpar A ou B, e hoje est\u00e1 ai o veto para ser votado a favor ou contra; Falou que os poucos projetos que chega a casa, os vereadores leem, pediu que analisassem bem para n\u00e3o acontecer o que j\u00e1 aconteceu na casa, deu exemplo; o projeto do Conselho Tutelar; Sobre a festa da padroeira, parabenizava toda a equipe e a sociedade de Felipe Guerra, esse ano diferenciando a feira da agricultura familiar que houve, parabenizava todos os agricultores, os artes\u00e3os que fizeram a festa ser diferente, est\u00e3o todos de parab\u00e9ns; Centro interativo, SEBRAI, STE, SINTRAF, f\u00f3rum das associa\u00e7\u00f5es, que mostraram o potencial do munic\u00edpio, com a participa\u00e7\u00e3o de toda sociedade, e a festa foi do tamanho que o povo quis; Disse que a fam\u00edlia de sua m\u00e3e e seu pai foi sempre cat\u00f3lica e dar\u00e1 continuidade juntamente com a fam\u00edlia de sua esposa, \u00e9 o que tem a seguir, agradeceu a todos que contribu\u00edram direto e indiretamente. Desejou um abra\u00e7o a todos.<b> </b>O vereador <b>Pedro Alves Cabral Neto, </b>cumprimentou o presidente, vereadores, funcion\u00e1rios da casa, agradeceu a presen\u00e7a dos amigos Rildo, Gaiola, ex-vereador Djalma Laurindo, Marcondes, blogueiro Vinicius, Jo\u00e3o e todos os ouvintes das redes sociais. Parabenizava o presidente Ronaldo, pela festa para entrega do titulo cidad\u00e3o Felipense 2019, os agraciados todos merecedores; falou sobre administra\u00e7\u00e3o dizendo que n\u00e3o tem mais idade nem tempo pra errar, pois, todos precisam serem realistas; O colega Ubiracy, citou exemplo de Porto Alegre; Falou sobre o projeto de plano cargos e carreira que era pra ser inclu\u00eddos todos os funcion\u00e1rios, votou nos projetos, mais tem que acordar, para n\u00e3o mais fazer errado; Agradeceu a todos os colegas vereadores. <b>Na Ordem do Dia: </b>Foram para vota\u00e7\u00e3o as mat\u00e9rias em pauta: <b>Parecer n\u00ba 038/2019</b> ao <b>Requerimento n\u00ba 06/2019;</b> <b>Requerimento n\u00ba</b> <b>09/2019;</b> do vereador Djalma Laurindo da Silva J\u00fanior. <b>Na Hora</b> <b>da Comunidade:</b> N\u00e3o houve inscritos. \u00a0<b>Nas Explica\u00e7\u00f5es Pessoais: </b>Fizeram uso os vereadores<b>: Francisco Ubiracy Feitosa Pascoal e Marcos Aur\u00e9lio Alves de Morais, Pedro Alves Cabral Neto. </b>E como n\u00e3o havia mais nada para o momento, a sess\u00e3o foi encerrada. Eu________2\u00ba secret\u00e1rio, transcrevi a presente ata, que<b> </b>vai assinada por mim, pelo presidente e demais Vereadores presentes.</p>\r\n<p style=\"text-align: right; \">Sala das Sess\u00f5es Vereador Domilson Cris\u00f3stomo da Silva. C\u00e2mara Municipal de Felipe Guerra/RN, em 26 de novembro de 2019.</p>", "author_name": "", "version": "1.0", "author_url": "https://www.felipeguerra.rn.leg.br/author/feg", "provider_name": "C\u00e2mara Municipal de Felipe Guerra/RN ", "type": "rich"}