{"provider_url": "https://www.felipeguerra.rn.leg.br", "title": "Sess\u00e3o Ordin\u00e1ria", "html": "<p style=\"text-align: justify; \">Aos 29 dias do m\u00eas de Outubro do ano de 2019 (dois mil e dezenove), reuniram-se ordinariamente no pal\u00e1cio Vereador Joel Canela, sob a presid\u00eancia do senhor Vereador <b>Ronaldo Luciano da Costa, </b>que ao constatar a presen\u00e7a dos senhores Vereadores: <b>Djalma Laurindo da Silva Junior, Francisco Canind\u00e9 de Menezes, Francisco Ubiracy Feitosa Pascoal, Genilson Santana de Nogueira, J\u00e2nio Nilson Silveira Barra, Marcos Aur\u00e9lio Alves de Morais, Max Iran Morais, Pedro Alves Cabral Neto. </b>O Presidente declara aberta a sess\u00e3o, convidando o segundo secret\u00e1rio Genilson Santana de Nogueira, para fazer a leitura da ata anterior, que depois de lida, foi aprovada por Vereadores presentes. <b>No Pequeno Expediente</b>: N\u00e3o houve mat\u00e9rias em pauta: <b>No Grande Expediente:</b> Nenhum Vereador fez uso da palavra. <b>Na Ordem do Dia: </b>Foram para vota\u00e7\u00e3o as mat\u00e9rias em pauta: <b>Projetos de Decretos Legislativos n\u00ba 02, 03, 04, 05, 06, 07, 08, 09, 10, 11, 12, 13, 14, 15, 16, 17, 18, 19/2019; </b>Alef da Costa Caetano, Alisson Andreot Batista da Costa, Isaias Cortez dos Reis, Jorge Ricard Jales Gomes, Liria Cavalcante Maia, \u00c2ngela Maria de Freitas e Silva, Jos\u00e9 Candido da Silva Neto, Francisco Verissimo de Souza Neto, Jos\u00e9 Ferreira da Silva, Jos\u00e9 Ericksson da Silva, Thaisa Estrela Gomes, Francisco Sebasti\u00e3o de Medeiros, Felipe Nogueira, Marcirio de\u00a0 Lemos, Auc\u00e9lio Marinho da Costa, Ant\u00f4nio Omelton de Ara\u00fajo Alves, Enoque Carneiro, e Sebasti\u00e3o Romualdo de Freitas. <b>Na Hora da</b> <b>Comunidade:</b> N\u00e3o houve inscritos. <b>Nas Explica\u00e7\u00f5es Pessoais: </b>Ningu\u00e9m fez uso<b>. </b>E como n\u00e3o havia mais nada para o momento, a sess\u00e3o foi encerrada. Eu________ 2\u00ba secret\u00e1rio, transcrevi a presente ata, que<b> </b>vai assinada por mim, pelo presidente, e demais Vereadores presentes.</p>\r\n<p style=\"text-align: right; \">Sala das Sess\u00f5es Vereador Domilson Cris\u00f3stomo da Silva. C\u00e2mara Municipal de Felipe Guerra/RN, em 29 de outubro de 2019.</p>", "author_name": "", "version": "1.0", "author_url": "https://www.felipeguerra.rn.leg.br/author/feg", "provider_name": "C\u00e2mara Municipal de Felipe Guerra/RN ", "type": "rich"}