{"provider_url": "https://www.felipeguerra.rn.leg.br", "title": "Sess\u00e3o Ordin\u00e1ria", "html": "<p style=\"text-align: justify; \">Aos 17 dias do m\u00eas de dezembro do ano de 2019 (dois mil e dezenove), reuniram-se ordinariamente no pal\u00e1cio Vereador Joel Canela, sob a presid\u00eancia do senhor Vereador <b>Ronaldo Luciano da Costa, </b>que ao constatar a presen\u00e7a dos senhores Vereadores: <b>Djalma Laurindo da Silva Junior, Francisco Canind\u00e9 de Menezes, Genilson Santana de Nogueira, J\u00e2nio Nilson Silveira Barra, Marcos Aur\u00e9lio Alves de Morais, Max Iran Morais, Pedro Alves Cabral Neto. </b>Ausente o vereador<b> Francisco Ubiracy Feitosa Pascoal. </b>O Presidente declara aberta a sess\u00e3o, convidando o vereador Genilson Santana de Nogueira, para fazer a leitura da ata anterior, que depois de lida foi aprovada por vereadores presentes. <b>No Pequeno Expediente</b> foi lida as mat\u00e9rias em pauta: <b>Emenda Or\u00e7ament\u00e1ria Aditiva n\u00ba 001/2019,</b> ao <b>Projeto de Lei, proposi\u00e7\u00e3o n\u00ba 009/2019</b>, que estima a receita, e fixa as despesas do Munic\u00edpio de Felipe Guerra, para o exerc\u00edcio financeiro de 2020. <b>Emenda Or\u00e7ament\u00e1ria Aditiva n\u00ba 002/2019,</b> ao <b>Projeto de Lei, proposi\u00e7\u00e3o n\u00ba 009/2019</b>, que estima a receita, e fixa as despesas do Munic\u00edpio de Felipe Guerra, para o exerc\u00edcio financeiro de 2020. <b>Emenda Or\u00e7ament\u00e1ria Substitutiva n\u00ba 001/2019,</b> ao <b>Projeto de Lei, proposi\u00e7\u00e3o n\u00ba 009/2019</b>, que estima a receita, e fixa as despesas do Munic\u00edpio de Felipe Guerra, para o exerc\u00edcio financeiro de 2020. Autores das emendas: <b>Francisco Ubiracy Feitosa Pascoal, Ronaldo Luciano da Costa, Genilson Santana de Nogueira, Max Iran de Morais.</b> <b>Projeto de Lei n\u00ba 07/2019, </b>que determina de Vereador Otoniel Maia de Oliveira, o pr\u00e9dio sede, do Centro de Referencia do Idoso de Felipe Guerra/RN, e d\u00e1 outras provid\u00eancias. Autor do projeto; Vereador<b> Francisco Canind\u00e9 de Menezes</b>. <b>No Grande Expediente:</b> Fez uso O Vereador<b> J\u00e2nio Nilson Silveira</b> <b>Barra,</b> que<b> </b>cumprimentou o presidente, vereadores, funcion\u00e1rios da casa, e demais presentes. Usava a tribuna para falar sobre um assunto que esta nas redes sociais, que lhe deixou triste, o vandalismo no corredor do Brejo, que quebraram as lumin\u00e1rias deixando o corredor \u00e0s escuras, e que n\u00e3o foi feita a reposi\u00e7\u00e3o; Falou que se descobrir os culpados, ir\u00e1 denunciar por destruir o patrim\u00f4nio p\u00fablico, pois, \u00e9 crime e s\u00f3 quem perde \u00e9 a sociedade. Pediu ao secret\u00e1rio para repor as l\u00e2mpadas do corredor do Brejo, como tamb\u00e9m, algumas da cidade que est\u00e3o apagadas.<b> </b>O Vereador<b> Marcos Aur\u00e9lio Alves de Morais,</b> cumprimentou o presidente, vereadores, blogueiros, e demais presentes. Agradeceu a Deus por estar mais uma vez na sess\u00e3o. Disse que tamb\u00e9m viu as fotos do vandalismo que destru\u00edram as l\u00e2mpadas do Brejo, tamb\u00e9m em Santana o fizeram, isso \u00e9 triste, pois \u00e9 patrim\u00f4nio p\u00fablico, e serve ao coletivo, e existe pessoas desse tipo nesse meio; Falou sobre a sess\u00e3o passada, com a presen\u00e7a do senhor Alcimar Morais, que trouxe um assunto importante para a cidade que \u00e9 o FGPREV; Comentando sobre a real situa\u00e7\u00e3o que se encontra com as dificuldades. Disse que foi falado ate em demiss\u00e3o de comissionados, para pagar os aposentados, fez um relato sobre o assunto; Falou no Governo de 40 anos atr\u00e1s, pedindo para averiguar quem s\u00e3o os funcion\u00e1rios de 40 anos, se \u00e9 correligion\u00e1rio ou de sangue, disse que \u00e9 vereador terminando o seu mandato, no seu terceiro ano, mas ser\u00e1 vereador respons\u00e1vel para fazer as coisas com responsabilidade, e verdade; Disse que o Munic\u00edpio est\u00e1 passando dificuldades, por causa de gestos anteriores; Questionou sobre o sal\u00e1rio dos professores, aposentados e que tem apenas pr\u00e9-forma\u00e7\u00e3o, sem ter sequer uma universidade; Disse que Felipe Guerra, precisava saber da verdade, pois, no pr\u00f3ximo ano tem politica, e o povo precisa v\u00ea o futuro de Felipe Guerra, n\u00e3o por cor partid\u00e1ria, mas, pelo coletivo e n\u00e3o pelo individual. Agradeceu a oportunidade. O Vereador<b> Max Iran de Morais, </b>cumprimentou os senhores vereadores, assessor Joel Canela, Presidente, e demais presentes, internautas que acompanhavam pelas redes sociais; Sobre o assunto que o Vereador J\u00e2nio, falou anteriormente sobre a reposi\u00e7\u00e3o das l\u00e2mpadas, disse que a solu\u00e7\u00e3o \u00e9 de menos, pois, o Munic\u00edpio recebe dinheiro de conta energia cidad\u00e3, sendo obriga\u00e7\u00e3o do Munic\u00edpio resolver a situa\u00e7\u00e3o da comunidade do Brejo, pois, est\u00e1 chegando ao fim do ano, e os assaltos s\u00e3o frequentes, precisa ser resolvido a situa\u00e7\u00e3o. Falou que foi eleito pelo povo para defender os interesses da sociedade, e n\u00e3o foi eleito para ser massa de manobra de Prefeito, Vice-Prefeito ou quem quer que seja. Na sess\u00e3o passada, falou da economia de caixa dos aposentados, n\u00e3o mentiu, pois, existe muitos funcion\u00e1rios efetivos que n\u00e3o fazem nada e recebe o seu dinheiro, porque \u00e9 aliado da gest\u00e3o, citou exemplo da comunidade de Santana com uma t\u00e9cnica, gastando gasolina e pagando motorista; Falou que na comunidade de Santana, tem uma pessoa por nome Neide, que fazia limpeza na unidade de sa\u00fade e por persegui\u00e7\u00e3o pol\u00edtica a Max Morais, ela foi transferida para Felipe Guerra. Disse que se cortar os gastos desnecess\u00e1rios, d\u00e1 para pagar os efetivos. Sobre a administra\u00e7\u00e3o desastrosa de 40 anos, foi \u00e0 administra\u00e7\u00e3o que deixou pai de fam\u00edlia com casa, foi o pai de fam\u00edlia que conseguiu cirurgia sem condi\u00e7\u00e3o financeira; Hoje as pessoas da gest\u00e3o de 40 anos, da gest\u00e3o de Hugo, de Braz, do saudoso Raimundo Pascoal, sendo que hoje s\u00e3o secret\u00e1rios, e est\u00e3o no Governo \u201cmamando\u201d, pois, s\u00e3o pessoas que gostam de poder, e essas situa\u00e7\u00f5es s\u00e3o invis\u00edveis, explicando alguns fatos e dizendo que toda gest\u00e3o n\u00e3o tem nada perfeito; Disse que o povo ir\u00e1 escolher as pessoas que acham capaz de administrar o Munic\u00edpio, se merecer ou qualquer outro colega a defender o povo esta \u00f3timo, se n\u00e3o a vida continua, n\u00e3o se apega a esse cargo; Falou sobre a sess\u00e3o de sexta, e sobre o projeto, e ir\u00e3o tentar amarrar alguma coisa, para pagar os aposentados do nosso Munic\u00edpio, e usar\u00e1 a tribuna mais vezes para esclarecer a verdade; Encerrou a participa\u00e7\u00e3o. <b>Na Ordem do Dia: </b>N\u00e3o houve mat\u00e9rias para vota\u00e7\u00e3o. <b>Na Hora</b> <b>da Comunidade:</b> inscritos o senhor Vinicius Valentim, falou sobre a situa\u00e7\u00e3o que o Munic\u00edpio vem passando, e a casa esta omissa, pois, obras s\u00e3o iniciadas e n\u00e3o terminadas, antes a casa era um \u00f3rg\u00e3o fiscalizador, e hoje n\u00e3o se via mais. Sobre o Centro do Idoso, era pra ter sido entregue em setembro e n\u00e3o foi feito. Pediu ao senhor presidente que fizesse cumprir o Regimento Interno da casa. <b>Nas Explica\u00e7\u00f5es Pessoais: </b>Nenhum Vereador fez uso<b> </b>da palavra. Em Tempo: O presidente convidou \u00e0 senhora Angela Maria de Freitas Silva, para receber o Titulo Cidad\u00e3o Felipense, entregue pelo Vereador Djalma Laurindo da Silva. \u00a0E como n\u00e3o havia mais nada para o momento, a sess\u00e3o foi encerrada. Eu________2\u00ba secret\u00e1rio, transcrevi a presente ata, que<b> </b>vai assinada por mim, pelo presidente, e demais Vereadores presentes.</p>\r\n<p style=\"text-align: right; \">Sala das Sess\u00f5es Vereador Domilson Cris\u00f3stomo da Silva. C\u00e2mara Municipal de Felipe Guerra/RN, em 17 de dezembro de 2019.</p>", "author_name": "", "version": "1.0", "author_url": "https://www.felipeguerra.rn.leg.br/author/feg", "provider_name": "C\u00e2mara Municipal de Felipe Guerra/RN ", "type": "rich"}