{"provider_url": "https://www.felipeguerra.rn.leg.br", "title": "Sess\u00e3o Ordin\u00e1ria", "html": "<p style=\"text-align: justify; \">Aos 03 dias do m\u00eas de novembro de 2020 (dois mil e vinte), reuniram-se ordinariamente no Pal\u00e1cio Vereador Joel Canela, sob a Presid\u00eancia do senhor <b>Vereador Ronaldo Luciano da Costa,</b> que ao constatar a presen\u00e7a dos senhores Vereadores: <b>Djalma Laurindo da Silva Junior, Francisco Canind\u00e9 de Menezes, Max Iran de Morais</b>. Ausente os Vereadores: <b>Francisco Ubiracy Feitosa Pascoal, Genilson Santana de Nogueira, J\u00e2nio Nilson Silveira Barra, Marcos Aur\u00e9lio Alves de Morais, Pedro Alves Cabral Neto. </b>O Presidente declara aberta a sess\u00e3o, convidando o Vereador <b>Djalma Laurindo da Silva Junior,</b> para secretariar os trabalhos da mesa, como segundo secret\u00e1rio interino. Em seguida convida o mesmo para fazer a leitura da ata anterior, que depois de lida, foi aprovada e assinada por Vereadores presentes. <b>No Pequeno Expediente</b>: Foi lida a <b>Medida Provis\u00f3ria n\u00ba 005/2020</b>; EMENTA: Autoriza a contrata\u00e7\u00e3o de pessoal, em car\u00e1ter emergencial, para enfrentamento ao combate contra o COVID-19, na forma da Lei, e d\u00e1 outras provid\u00eancias.<b> No Grande Expediente:</b> Nenhum Vereador fez uso da palavra. <b>Na Ordem do Dia</b>: N\u00e3o houve mat\u00e9rias para vota\u00e7\u00e3o. <b>Na Hora da comunidade</b>: N\u00e3o houve inscritos. <b>Nas explica\u00e7\u00f5es pessoais:</b> N\u00e3o houve inscritos<b>. </b>E como n\u00e3o havia mais nada para o momento, o Presidente da casa Ronaldo Luciano da Costa, agradeceu a presen\u00e7a dos Vereadores, e demais presentes, e deu por encerrada a sess\u00e3o. Eu, <b>Djalma Laurindo da Silva Junior</b> ___________ 2\u00ba secret\u00e1rio Interino, transcrevi a presente ata, que vai assinada por mim, pelo Presidente, e demais Vereadores presentes na sess\u00e3o.</p>\r\n<p style=\"text-align: right; \">Sala das Sess\u00f5es Vereador Domilson Cris\u00f3stomo da Silva. C\u00e2mara Municipal de Felipe Guerra/RN, em 03 de novembro de 2020.</p>", "author_name": "", "version": "1.0", "author_url": "https://www.felipeguerra.rn.leg.br/author/feg", "provider_name": "C\u00e2mara Municipal de Felipe Guerra/RN ", "type": "rich"}