{"provider_url": "https://www.felipeguerra.rn.leg.br", "title": "Sess\u00e3o Ordin\u00e1ria", "html": "<p style=\"text-align: justify; \">Aos 08 dias do m\u00eas de Dezembro do ano de 2020 (dois mil e vinte), reuniram-se ordinariamente no pal\u00e1cio Vereador Joel Canela, sob a Presid\u00eancia do senhor Vereador <b>Ronaldo Luciano da Costa, </b>que ao constatar a presen\u00e7a dos Senhores Vereadores:<b> Francisco Canind\u00e9 de Menezes, Francisco Ubiracy Feitosa Pascoal, J\u00e2nio Nilson Silveira Barra, Marcos Aur\u00e9lio Alves de Morais, Max Iran de Morais, Pedro Alves Cabral Neto. </b>Ausente os senhores Vereadores<b> Djalma Laurindo da Silva J\u00fanior, Genilson Santana de Nogueira. </b>O Presidente declara aberta a Sess\u00e3o, convidando o Vereador J\u00e2nio Nilson Silveira Barra, para fazer parte da mesa diretora como segundo secret\u00e1rio interino, na aus\u00eancia do Vereador Genilson Santana de Nogueira, em seguida convida o mesmo para fazer a leitura da ata anterior, que depois de lida, foi aprovada por Vereadores presentes. <b>No Pequeno Expediente: </b>Foram lidas as mat\u00e9rias em pauta;<b> Parecer n\u00ba 01/2020; CFOFGF (Comiss\u00e3o de Finan\u00e7as Or\u00e7amento e Fiscaliza\u00e7\u00e3o da Gest\u00e3o Financeira);</b> <b>Parecer n\u00ba13/2020;</b> <b>CLJRF (Comiss\u00e3o de Legisla\u00e7\u00e3o Justi\u00e7a e Reda\u00e7\u00e3o Final)</b>. <b>No Grande Expediente: </b>Fez uso da palavra o Vereador <b>Francisco Canind\u00e9 de Menezes, </b>que cumprimentou o Presidente, funcion\u00e1rios da casa, assessor Joel Canela. Iniciou falando da gest\u00e3o Haroldo Ferreira, parabenizando pelo pleito, um dos grandes respons\u00e1veis pela vit\u00f3ria do atual Prefeito Salom\u00e3o Gomes, e Vice-Prefeito Ubiracy Pascoal; Disse aos colegas que estava se despedindo do Legislativo, mas que falaria em outro momento; Parabenizou sua filha Luiza pela vit\u00f3ria, e todos os que foram eleitos, os que renovaram seu mandato, e os que n\u00e3o obtiveram \u00eaxito, pelo esfor\u00e7o e dedica\u00e7\u00e3o; Agradecia os votos dados a Luiza; Falou na m\u00e3e do Vice-Prefeito Ubiracy Pascoal, a sua trajet\u00f3ria de vida, e tudo que aconteceu at\u00e9 o seu falecimento; Agradeceu a oportunidade.<b> </b>O Vereador <b>Francisco Ubiracy Feitosa Pascoal, </b>cumprimentou o Presidente, colegas Vereadores, e internautas. Iniciou parabenizando o Vereador Francisco Canind\u00e9, pelas sabias palavras, chamou a aten\u00e7\u00e3o de todos na defesa do Legislativo, pois sempre lutou por esta causa; falou sobre o COVID-19, e se colocou \u00e0 disposi\u00e7\u00e3o como Vice-Prefeito e interlocutor junto ao Legislativo. Encerrou sua participa\u00e7\u00e3o<b>. </b>o Vereador <b>Marcos Aur\u00e9lio Alves de Morais, </b>cumprimentou o Presidente, colegas Vereadores, agradeceu a Deus por mais uma sess\u00e3o. Iniciou comentando sobre a sinaliza\u00e7\u00e3o da nossa cidade, que precisa ser vista para evitar os acidentes, que nos \u00faltimos dias foram muitos, e com vidas ceifadas. Comentou que acompanhou a fam\u00edlia de Giliarde, nesses \u00faltimos dias dif\u00edceis; falou sobre a participa\u00e7\u00e3o da popula\u00e7\u00e3o nas sess\u00f5es, pois, s\u00f3 acompanhavam os Vereadores em campanha pol\u00edtica, pediu para assistirem pelas redes sociais o trabalho de cada um; encerrou sua participa\u00e7\u00e3o. <b>Na Ordem do Dia: </b>Foi para vota\u00e7\u00e3o<b> </b>as mat\u00e9rias em pauta: <b>Projetos de Decreto: 01,02,03,04,05,06,07, 08 e 09/2020,</b> os mesmos foram para vota\u00e7\u00e3o nesta sess\u00e3o e aprovados por todos os Vereadores presentes. <b>Nas Explica\u00e7\u00f5es</b> <b>Pessoais:</b> Fez uso da palavra o vereador <b>Francisco Ubiracy Feitosa Pascoal, Max Iran de Morais </b>e<b> Pedro Alves Cabral Neto.</b> <b>\u00a0</b>E como n\u00e3o havia mais nada para o momento, a sess\u00e3o foi encerrada. Eu J\u00e2nio Nilson Silveira Barra ____________ 2\u00ba secret\u00e1rio interino, transcrevi a presente ata, que<b> </b>vai assinada por mim, pelo presidente, e demais Vereadores presentes.</p>\r\n<p style=\"text-align: right; \">Sala das Sess\u00f5es Vereador Domilson Cris\u00f3stomo da Silva. C\u00e2mara Municipal de Felipe Guerra/RN, em 08 de dezembro de 2020.</p>", "author_name": "", "version": "1.0", "author_url": "https://www.felipeguerra.rn.leg.br/author/feg", "provider_name": "C\u00e2mara Municipal de Felipe Guerra/RN ", "type": "rich"}