{"provider_url": "https://www.felipeguerra.rn.leg.br", "title": "Sess\u00e3o Ordin\u00e1ria", "html": "<p style=\"text-align: justify; \">Aos 02 dias do m\u00eas de Mar\u00e7o do ano de 2021 (dois mil e vinte e Um), reuniram-se ordinariamente no pal\u00e1cio Vereador Joel Canela, sob a Presid\u00eancia do senhor Vereador<b> Marcos Aur\u00e9lio Alves de Morais, </b>que ao constatar a presen\u00e7a dos senhores Vereadores(a):<b> Genilson Santana de Nogueira, Hudemberg Rocha de Oliveira, Luiza Pereira da Costa Neta, M\u00e1rcio Rodrigo da Silva Morais, Max Iran de Morais, Pedro Alves Cabral Neto</b>. Ausente o senhor Vereador: <b>Ronaldo Luciano da Costa.</b> O Presidente declara aberta a Sess\u00e3o, convidando o segundo secret\u00e1rio <b>Hudemberg Rocha de Oliveira,</b> para fazer a leitura da ata anterior, que depois de lida foi aprovada por Vereadores presentes. \u00a0<b>No Pequeno Expediente</b>: Foi lida a <b>indica\u00e7\u00e3o n\u00ba 014/2021-CM,</b> do senhor Vereador Genilson Santana de Nogueira: <b>No Grande Expediente: </b>Fez uso da<b> </b>palavra O Vereador<b> Genilson Santana de Nogueira, </b>que<b> </b>cumprimentou o presidente, Vereadores, Vereadora Luiza, ex-Vereador e atual vice-Prefeito Ubiracy Pascoal, ex-Vereador Joel Canela, assessor jur\u00eddico da casa Assuero, blogueiros Edvaldo e Benhur, que registram o trabalho da casa. Agradeceu a Deus por estar mais uma vez na casa do povo. Iniciou pedindo apoio aos colegas em sua Indica\u00e7\u00e3o, onde solicita uma passagem molhada na divisa de S\u00e3o Gon\u00e7alo e Arapu\u00e1, que ser\u00e1 de grande import\u00e2ncia para a comunidade. Parabenizou os colegas Vereadores pelas indica\u00e7\u00f5es que est\u00e3o na pauta, e que ter\u00e1 o seu apoio; Disse que o povo estava certo em fazer cobran\u00e7as aos Vereadores, pois, foram eles que os colocaram onde est\u00e3o para reivindicar o direito que lhes assistem, e que pagam para isso. Sobre o corte de terra, disse que j\u00e1 est\u00e1 na hora de ser feita, pois as chuvas est\u00e3o chegando. Falou da import\u00e2ncia da casa cheia com plateia, mas que n\u00e3o \u00e9 a hora para tanto, pediu ao presidente cautela, e que pelo menos fosse suspensa a presen\u00e7a do p\u00fablico durante umas duas sess\u00f5es, pois o COVID-19, est\u00e1 cada vez mais avan\u00e7ado, e todos precisam ter os devidos cuidados; agradeceu a participa\u00e7\u00e3o. O Vereador<b> Max Iran de Morais, </b>cumprimentou o presidente Vereadores, internautas que acompanham pelas redes sociais em sua p\u00e1gina. Estava feliz pela presen\u00e7a do vice-Prefeito Ubiracy Pascoal, em todas as sess\u00f5es mostrando o amor que sente pelo Legislativo. Iniciava cobrando do Poder Executivo para que se tome medidas urgentes na recupera\u00e7\u00e3o das caldeiras que liga Santana as comunidades de S\u00e3o Louren\u00e7o I e II; Pindoba I e II, at\u00e9 a zona urbana, pois a situa\u00e7\u00e3o est\u00e1 se complicando, e como Vereador daquela v\u00e1rzea, solicita medidas urgentes. Sobre o COVID-19, requer cuidados e aten\u00e7\u00e3o de todos, que n\u00e3o \u00e9 culpa s\u00f3 dos pol\u00edticos e nem t\u00e3o pouco da sociedade, \u00e9 uma pandemia que j\u00e1 vem acontecendo a cada 100 anos, e requer cuidados, pois \u00e9 muito preocupante, e as vacinas ainda s\u00e3o poucas para atender a demanda da popula\u00e7\u00e3o. Falou sobre a quest\u00e3o das pessoas necessitadas que tem no Munic\u00edpio, que est\u00e3o precisando de ajuda, e que tem feito a sua parte; quanto a quest\u00e3o de moradia, precisam erradicar as casas de taipa que tem no Munic\u00edpio. Comentou sobre a coleta do lixo que est\u00e1 sendo feita, e as reposi\u00e7\u00f5es das l\u00e2mpadas. Disse que tem v\u00e1rios terrenos baldios na cidade que precisam ser limpos, devido o surto de dengue que est\u00e1 a\u00ed, e que o Munic\u00edpio tome as devidas providencias cab\u00edveis quanto a isso. Quanto ao est\u00e1dio de futebol, est\u00e1 sendo feita a limpeza e sua recupera\u00e7\u00e3o, e isso \u00e9 muito importante, quando o Vereador cobra, e o gestor faz, n\u00e3o levando em conta para o lado da politicagem. Agradeceu a participa\u00e7\u00e3o. \u00a0O Vereador<b> M\u00e1rcio Rodrigo da Silva Morais, </b>cumprimentou o presidente, Vereadores, e todos os presentes na casa. Iniciou suas palavras falando estar triste, pois tem um familiar no leito de uma UTI, e n\u00e3o estava sendo f\u00e1cil, mas que Deus est\u00e1 no controle, e ir\u00e1 fazer com que tudo fique bem. Agradeceu sobre sua reinvindica\u00e7\u00e3o a respeito do est\u00e1dio \u201co Pascoal\u201d, que est\u00e1 sendo feita as melhorias, e quem ganha \u00e9 a popula\u00e7\u00e3o. Falou do trabalho incans\u00e1vel dos agentes de endemias, e que nesse per\u00edodo chuvoso precisam trabalhar mais, e a popula\u00e7\u00e3o precisa contribuir com sua ajuda. Pedia a Deus que trouxesse seu familiar em paz pra casa, e que Deus proteja a todos, agradeceu a sua participa\u00e7\u00e3o. <b>Na Ordem</b> <b>do Dia:</b> Foram para vota\u00e7\u00e3o as mat\u00e9rias em pauta: <b>Indica\u00e7\u00e3o n\u00ba 01/2021;</b> solicitando a limpeza das manilhas da passagem de \u00e1guas do c\u00f3rrego dos caldeir\u00f5es. <b>Indica\u00e7\u00e3o</b> <b>n\u00ba 02/2021;</b> solicitando para que atrav\u00e9s da secretaria de Obras P\u00fablicas, possa providenciar em estrutura de concreto uma placa na entrada da cidade. <b>Indica\u00e7\u00e3o n\u00ba 03/2021;</b> solicitando para que o mesmo atrav\u00e9s dos recursos financeiros possa fazer melhorias em toda estrutura do chafariz que abastece com \u00e1gua a comunidade de Santana. <b>Indica\u00e7\u00e3o n\u00ba 04/2021;</b> solicitando a constru\u00e7\u00e3o de Fossas Secas na comunidade de Santana. <b>Indica\u00e7\u00e3o n\u00ba 05/2021;</b> para que o Excelent\u00edssimo senhor Prefeito, atrav\u00e9s dos recursos financeiros possa fazer melhorias em toda estrutura da pra\u00e7a da comunidade de Santana. <b>Indica\u00e7\u00e3o n\u00ba 06/2021;</b> solicitando a constru\u00e7\u00e3o de uma pra\u00e7a de Esportes na Avenida M\u00e3e Gonzaga. <b>Indica\u00e7\u00e3o n\u00ba 07/2021;</b> solicitando que atrav\u00e9s da secretaria de Obras e Infraestrutura do nosso Munic\u00edpio, para que seja feita uma lombada na Rua Abigail Feitosa. <b>Indica\u00e7\u00e3o n\u00ba 08/2021;</b> solicitando ao Excelent\u00edssimo senhor Prefeito, para que atrav\u00e9s da secretaria de Obras e Infraestrutura do nosso Munic\u00edpio, seja feita a constru\u00e7\u00e3o de um galp\u00e3o ou garagem para guardar os transportes escolares. <b>Indica\u00e7\u00e3o n\u00ba 09/2021;</b> solicitando pontos de apoio equipados para atendimento de equipe de sa\u00fade da fam\u00edlia. <b>Indica\u00e7\u00e3o n\u00ba 010/2021;</b> Atrav\u00e9s do \u00d3rg\u00e3o competente da Administra\u00e7\u00e3o Municipal, possa fazer a recupera\u00e7\u00e3o e providenciar a ilumina\u00e7\u00e3o da parada de passageiros localizada na comunidade de Po\u00e7o Tilon. <b>Indica\u00e7\u00e3o n\u00ba 011/2021;</b> solicitando a revitaliza\u00e7\u00e3o do Est\u00e1dio Municipal Ant\u00f4nio C\u00e2ndido de Macedo Pascoal. <b>Indica\u00e7\u00e3o n\u00ba 013/2021;</b> solicitando a secretaria municipal de Infraestrutura e Obras, para construir uma pra\u00e7a p\u00fablica na comunidade rural de Arapu\u00e1. As Indica\u00e7\u00f5es dos senhores Vereadores: <b>Genilson Santana de Nogueira, Hudemberg Rocha de Oliveira, Luiza da Costa Neta, Marcio Rodrigo da Silva Morais, Marcos Aur\u00e9lio Alves de Morais, Paulo Guilherme Gurgel Cardoso, Max Iran de Morais</b>; todas aprovadas por unanimidade em sess\u00e3o ordin\u00e1ria deste dia. <b>Na Hora da Comunidade:</b> Se inscreveu para fazer uso da palavra o professor Elias Bernardino de G\u00f3is, para falar sobre o tema (PL) Projeto de Lei, nas escolas p\u00fablicas municipais. <b>Nas Explica\u00e7\u00f5es</b> <b>Pessoais:</b> Fez uso o Vereador <b>Genilson Santana de Nogueira.</b> O presidente da casa Marcos Aur\u00e9lio Alves de Morais, justificou a aus\u00eancia do senhor Vereador Ronaldo Luciano da Costa. E<b> </b>como n\u00e3o havia mais nada para o momento, a sess\u00e3o foi encerrada. Eu________2\u00ba secret\u00e1rio, transcrevi a presente ata, que<b> </b>vai assinada por mim, pelo presidente, e demais Vereadores presentes na sess\u00e3o.</p>\r\n<p style=\"text-align: right; \">Sala das Sess\u00f5es Vereador Domilson Cris\u00f3stomo da Silva. C\u00e2mara Municipal de Felipe Guerra/RN, em 02 de mar\u00e7o de 2021.</p>", "author_name": "", "version": "1.0", "author_url": "https://www.felipeguerra.rn.leg.br/author/feg", "provider_name": "C\u00e2mara Municipal de Felipe Guerra/RN ", "type": "rich"}