{"provider_url": "https://www.felipeguerra.rn.leg.br", "title": "Sess\u00e3o Ordin\u00e1ria", "html": "<p style=\"text-align: justify; \">Aos 09 dias do m\u00eas de Mar\u00e7o do ano de 2021 (dois mil e vinte e Um), reuniram-se ordinariamente no pal\u00e1cio Vereador Joel Canela, sob a Presid\u00eancia do senhor Vereador<b> Marcos Aur\u00e9lio Alves de Morais, </b>que ao constatar a presen\u00e7a dos senhores Vereadores:<b> \u00a0Hudemberg Rocha de Oliveira, M\u00e1rcio Rodrigo da Silva Morais, Max Iran de Morais, Pedro Alves Cabral Neto, Paulo Guilherme Gurgel Cardoso,</b> <b>Ronaldo Luciano da Costa.</b> Ausente os Vereadores(a): <b>Genilson Santana de Nogueira, Luiza Pereira da Costa Neta.</b> O Presidente declara aberta a sess\u00e3o, convidando o segundo secret\u00e1rio Hudemberg Rocha de Oliveira, para fazer a leitura da ata anterior, que depois de lida foi aprovada por Vereadores presentes. <b>No Pequeno Expediente</b>: Foram lidas as mat\u00e9rias em pauta: <b>Indica\u00e7\u00f5es n\u00ba 012, 015, 016/2021,</b> do Vereador Paulo Guilherme Gurgel Cardoso. <b>Projeto de Lei n\u00ba 01/2021 </b>EMENTA: Disp\u00f5e sobre a cria\u00e7\u00e3o do conselho municipal de acompanhamento e controle social do fundo de manuten\u00e7\u00e3o e desenvolvimento da educa\u00e7\u00e3o b\u00e1sica e de valoriza\u00e7\u00e3o dos profissionais da educa\u00e7\u00e3o - Conselho do FUNDEB.<b> </b><b>No</b><b> Grande Expediente: </b>Fez uso da<b> </b>palavra o Vereador<b> Hudemberg da Rocha Oliveira, </b>que cumprimentou o Presidente, e todos que est\u00e3o assistindo pelas redes sociais. Usava a tribuna para externar a solidariedade, e suas condol\u00eancias \u00e0 fam\u00edlia da professora Wigna, que veio a \u00f3bito, e foi sua companheira de trabalho, e o Munic\u00edpio estava perdendo n\u00e3o s\u00f3 uma professora, mas tamb\u00e9m uma m\u00e3e, uma filha, e a comunidade de Mulungu estava de luto com sua partida, e como amigo externava o seu sentimento de pesar a toda fam\u00edlia. Externou a preocupa\u00e7\u00e3o com os agricultores do Munic\u00edpio, quanto ao corte de terra previsto para o dia 09(nove), e ainda n\u00e3o aconteceu, de acordo com alguns agricultores isso est\u00e1 causando muito preju\u00edzo, pedia explica\u00e7\u00f5es ao secret\u00e1rio Zico, para prestar esclarecimentos sobre o assunto, e est\u00e1 cobrando o direito de todos, pois est\u00e1 na casa para cobrar e da explica\u00e7\u00f5es, agradeceu a participa\u00e7\u00e3o. O Vereador<b> Max Iran de Morais, </b>cumprimentou o presidente, os internautas que assistem pelas redes sociais, e atrav\u00e9s do facebook de Max Morais, pois, devido a pandemia a C\u00e2mara tomou as medidas cab\u00edveis com o p\u00fablico reduzido. Levava os sentimentos a fam\u00edlia de Wigna, e seu esposo Joatan da comunidade de Mulungu, a mesma foi professora durante 18 anos no Munic\u00edpio, e exercia a fun\u00e7\u00e3o na escola Elisa de Freitas, tendo sua morte repentina, em nome do mandato Max Morais deixava o sentimento a toda fam\u00edlia. Registrou o ato de doa\u00e7\u00e3o de brinquedos para as crian\u00e7as vinculadas nas comunidades, e as cidades de Cara\u00fabas e Apodi. Registrou a import\u00e2ncia de um Governo que atende aos anseios da sociedade, e que governa com a opini\u00e3o dos Vereadores, pois muitas reinvindica\u00e7\u00f5es dos Vereadores, tem sido atendida, citando exemplos das lumin\u00e1rias, e dos entulhos e limpezas que foram iniciadas. Sobre o COVID-19 no Munic\u00edpio, a situa\u00e7\u00e3o \u00e9 triste, e registra a situa\u00e7\u00e3o do conterr\u00e2neo Nelson da Santana que est\u00e1 na UTI em Mossor\u00f3. Registrou a entrega das sementes para os agricultores, sorgo, milho e feij\u00e3o, parceria com o Governo do Estado, e EMATER/RN do Estado, e EMATER/RN do Munic\u00edpio, e em parceria com a secretaria de agricultura est\u00e1 fazendo essa distribui\u00e7\u00e3o que est\u00e1 em atraso, dizendo ser uma falta de respeito da Governadora F\u00e1tima Bezerra, fazer o envio em atraso. Disse que sempre observa as redes sociais, e muitos agem de m\u00e1 f\u00e9, da prepot\u00eancia e arrog\u00e2ncia, e alguns n\u00e3o conseguiram se eleger como Vereador e tentam denegrir a imagem dos Vereadores que tem os seus compromissos. Comentou sobre a doa\u00e7\u00e3o de uma cadeira de rodas para a jovem Mila, e que todos podem doar um pouco. Sobre o projeto de doa\u00e7\u00e3o do Vereador M\u00e1rcio Morais, \u00e9 oportuno, mas que o Vereador n\u00e3o vai poder sustentar sozinho; que Deus nos proteja dessa doen\u00e7a que est\u00e1 assolando o Munic\u00edpio. O Vereador<b> M\u00e1rcio Rodrigo da Silva Morais, </b>cumprimentou todos os colegas e ouvintes, e a imprensa presente. Iniciou falando com tristeza da morte de uma m\u00e3e de fam\u00edlia, a senhora Wigna, da comunidade do Mulungu, e ao mesmo tempo, sobre a felicidade do seu primo de ter sa\u00eddo da UTI, e nesse momento est\u00e1 em casa com seus familiares, se recuperando. Disse que o trabalho do Vereador \u00e9 incans\u00e1vel, e todos tem o seu compromisso para com o povo de Felipe Guerra. Sobre a gest\u00e3o, falou que vem trazendo solu\u00e7\u00f5es e atendendo as demandas dos Vereadores, agradecia ao gestor pelas lumin\u00e1rias na avenida mira selva, e que ainda vai fazer nas comunidades, e as limpezas realizadas nas ruas que se iniciaram, pois existem muitos ac\u00famulos de lixos nas ruas, citando exemplo da rua Jos\u00e9 Manasses de Souza, e pedindo para que a sociedade tivesse consci\u00eancia. Comentou sobre os secret\u00e1rios que est\u00e3o nas suas pastas, e que n\u00e3o trabalham, s\u00f3 fazem receber sem se quer resolver os problemas existentes. Falou sobre as horas de trator que ainda n\u00e3o se resolveu, e o secret\u00e1rio n\u00e3o deu nenhuma resposta. Agradeceu sua participa\u00e7\u00e3o. O Vereador<b> Paulo Guilherme Gurgel Cardoso, </b>cumprimentou o presidente, Vereadores, secret\u00e1rio Luiz Agnaldo, e todos que acompanham pelas redes sociais. Iniciou dizendo que existe a hora de agradecer, e a de cobrar, e hoje estava para agradecer a solicita\u00e7\u00e3o que fez \u00e0 15(quinze) dias atr\u00e1s, quando solicitou a troca das lumin\u00e1rias de LED, parabenizava o gestor, por ter acatado o seu pedido; Falou sobre a Indica\u00e7\u00e3o que deu entrada na casa, pedindo o apoio aos colegas, que \u00e9 sobre as c\u00e2meras de v\u00eddeo no nosso Munic\u00edpio, que \u00e9 de grande import\u00e2ncia, agradeceu sua participa\u00e7\u00e3o. O Vereador<b> Marcos Aur\u00e9lio Alves de</b> <b>Morais,</b> iniciou agradecendo a todos os Vereadores pela coer\u00eancia, e al\u00e9m de estarem trabalhando, mostrando o papel do Vereador em sintonia e reconhecimento do trabalho que se inicia, que \u00e9 a nova gest\u00e3o do Prefeito Salom\u00e3o Gomes, que se iniciou com dificuldades, mas que vem fazendo com maestria, e Felipe Guerra est\u00e1 em boas m\u00e3os. Falou sobre a Funda\u00e7\u00e3o Guimar\u00e3es Duque, com dire\u00e7\u00e3o da UFERSA de Mossor\u00f3, que veio a casa apresentar um projeto para o Munic\u00edpio que est\u00e1 preste a ser colocado em pr\u00e1tica, o cart\u00e3o FGT, e acredita que o Prefeito municipal ir\u00e1 acatar; Fez alguns esclarecimentos sobre o assunto, concluindo que o objetivo \u00e9 aquecer a economia do Munic\u00edpio. Sobre o COVID-19, lamentou que a popula\u00e7\u00e3o ainda n\u00e3o est\u00e1 entendendo a gravidade do problema, pedia a Deus que tudo se resolva logo. Na<b> Ordem</b> <b>do Dia:</b> Foi para vota\u00e7\u00e3o a <b>Indica\u00e7\u00e3o n\u00ba 014/2021</b>, do Vereador Genilson Santana de Nogueira, a mesma foi aprovada por todos os Vereadores presentes. \u00a0<b>Na Hora da Comunidade:</b> Fez uso da palavra o secret\u00e1rio Luiz Agnaldo de Souza, falando do <b>Projeto de Lei n\u00ba 001/2021</b>. <b>Nas Explica\u00e7\u00f5es</b> <b>Pessoais:</b> Fizeram uso os Vereadores: M\u00e1rcio Rodrigo da Silva Morais, Max Iran de Morais, e Marcos Aur\u00e9lio Alves de Morais. E<b> </b>como n\u00e3o havia mais nada para o momento, a sess\u00e3o foi encerrada. Eu________2\u00ba secret\u00e1rio, transcrevi a presente ata, que<b> </b>vai assinada por mim, pelo presidente e demais Vereadores presentes na sess\u00e3o.</p>\r\n<p style=\"text-align: right; \">Sala das Sess\u00f5es Vereador Domilson Cris\u00f3stomo da Silva. C\u00e2mara Municipal de Felipe Guerra/RN, em 09 de mar\u00e7o de 2021.</p>", "author_name": "", "version": "1.0", "author_url": "https://www.felipeguerra.rn.leg.br/author/feg", "provider_name": "C\u00e2mara Municipal de Felipe Guerra/RN ", "type": "rich"}