{"provider_url": "https://www.felipeguerra.rn.leg.br", "title": "Sess\u00e3o Ordin\u00e1ria", "html": "<p style=\"text-align: justify; \">Aos 30 dias do m\u00eas de Mar\u00e7o do ano de 2021 (dois mil e vinte e Um), reuniram-se ordinariamente no pal\u00e1cio Vereador Joel Canela, sob a Presid\u00eancia do senhor Vereador<b> Marcos Aur\u00e9lio Alves de Morais, </b>que ao constatar a presen\u00e7a dos senhores Vereadores(a):<b> Genilson Santana de Nogueira, Luiza Pereira da Costa Neta, M\u00e1rcio Rodrigo da Silva Morais, Max Iran de Morais, Pedro Alves Cabral Neto, Paulo Guilherme Gurgel Cardoso. Ausente os Vereadores:</b> <b>Ronaldo Luciano da Costa e</b> <b>Hudemberg Rocha de Oliveira</b>. O Presidente declara aberta a sess\u00e3o, convidando o Vereador Max Iran de Morais, para secretariar os trabalhos da mesa como segundo secret\u00e1rio, na aus\u00eancia do Vereador Hudemberg Rocha de Oliveira. Em seguida convida o mesmo para fazer a leitura da ata anterior, que depois de lida foi aprovada por Vereadores presentes <b>No Pequeno Expediente</b>: Foram lidas as mat\u00e9rias em pauta: <b>Indica\u00e7\u00f5es n\u00ba 19, 20, 021, 2021;</b> dos Vereadores <b>M\u00e1rcio Rodrigo da Silva Morais</b> e <b>Max Iran de Morais</b>. <b>No</b><b> Grande Expediente: </b>Fez uso da<b> </b>palavra o Vereador<b> </b>Max Iran de Morais, que cumprimentou<b> </b>o presidente, Vereadores, assessor jur\u00eddico da casa, internautas que acompanham pelas redes sociais. Iniciou falando sobre a Indica\u00e7\u00e3o que deu entrada na casa sobre os capacetes ELMO, dizendo que no Estado do Cear\u00e1, foram disponibilizados por meio de doa\u00e7\u00f5es, e ele reduz a capacidade em 60%, sobre a necessidade de intuba\u00e7\u00e3o em pacientes em UTI, e no nosso Munic\u00edpio seria vi\u00e1vel buscar uma parceria junto aos Deputados que se elegeram, tamb\u00e9m, atrav\u00e9s do Munic\u00edpio, como Rafael Motta, Get\u00falio Rego, Dr. Bernardo, e outros; com essa parceria j\u00e1 seria um grande avan\u00e7o, pois, a situa\u00e7\u00e3o no Munic\u00edpio \u00e9 preocupante, j\u00e1 sendo registrado v\u00e1rias v\u00edtimas do COVID-19. Disse que a associa\u00e7\u00e3o de Santana tem trabalhado incansavelmente para buscar recursos para atender melhor os anseios dos que est\u00e3o passando por necessidades no Munic\u00edpio, falou dessa luta incans\u00e1vel, e dos patrocinadores que est\u00e3o engajados nessa luta, encerrando sua fala.<b> </b>O Vereador<b> M\u00e1rcio Rodrigo da Silva Morais, </b>cumprimentou a todos os Vereadores, amigos da imprensa, e todos que acompanham a sess\u00e3o pelas redes sociais.<b> </b>Iniciou<b> </b>falando da corona v\u00edrus que est\u00e1 em nossa cidade, que todos deveriam se conscientizar da gravidade dessa situa\u00e7\u00e3o. Disse ao Vereador Max Morais, que estava disposto a contribuir, pois prometeu fazer o seu mandato em prol da sociedade, e todos os colegas devem se engajar nessa luta, como tamb\u00e9m, o Poder Executivo, sendo uma luta de todos para sanar a necessidade do pr\u00f3ximo. Sobre a agricultura parabenizava Cosmo Sena, pelo trabalho que vem sendo executado, sem olhar a quem, e agradecia ao secret\u00e1rio pelos cortes de terras. Falou sobre o trator que est\u00e1 no prego e que precisa ser consertado. Falou que na pr\u00f3xima sess\u00e3o daria entrada no Projeto de Lei que trata da isen\u00e7\u00e3o de energia para os agricultores que ser\u00e1 uma solu\u00e7\u00e3o, como tamb\u00e9m, para a irriga\u00e7\u00e3o. Encerrou sua fala agradecendo a todos.<b> </b>O Vereador<b> Pedro Alves Cabral Neto, </b>cumprimentou o presidente, vereadores, funcion\u00e1rios da casa, e todos que acompanham pelas redes sociais.<b> </b>Iniciou falando do<b> </b>Projeto que entrou na casa para adequar os sal\u00e1rios dos funcion\u00e1rios que no passado estavam de forma errada, e o Prefeito Salom\u00e3o Gomes, ir\u00e1 fazer suas adequa\u00e7\u00f5es. Parabenizou o Prefeito municipal pelo pagamento dos funcion\u00e1rios aposentados, que est\u00e1 sendo colocado em dia, como todos os demais foram pagos tamb\u00e9m. Falou dos erros de administra\u00e7\u00e3o p\u00fablicas, que s\u00e3o obras inacabas, disse que na pr\u00f3xima sess\u00e3o dar\u00e1 entrada em Requerimento, cobrando explica\u00e7\u00f5es sobre as mesmas. Falou sobre as mortes da professora Salete e de Jacira, pediu para que nessa semana santa todos tenham mais cuidados, n\u00e3o s\u00f3 esperar pelo Poder P\u00fablico, pois v\u00e1rias vidas est\u00e3o sendo ceifadas, agradeceu a participa\u00e7\u00e3o. O Vereador<b> Marcos Aur\u00e9lio Alves de</b> <b>Morais,</b> iniciou agradecendo a Deus pela oportunidade, e lamentando as percas da professora Salete e Jacira. Falou que juntamente com o Prefeito Salom\u00e3o Gomes, e o vice-Prefeito Ubiracy Pascoal, foi a UFERSA no escrit\u00f3rio da funda\u00e7\u00e3o, onde foi firmada a parceria para que todos os servidores efetivos do Munic\u00edpio possam ter o cart\u00e3o FGD (funda\u00e7\u00e3o Guimar\u00e3es Duque), est\u00e1 feliz por viabilizar essa parceria. Falou que esteve com o secretario Zico, na comunidade de Santana, acompanhando os cortes de terras que est\u00e1 sendo realizado por Cosme Sena, e isso \u00e9 muito importante, essa a\u00e7\u00e3o do Governo municipal para todos os agricultores Felipense. Falou do <b>Projeto de Lei n\u00ba 001/2021</b> do Poder Executivo, que est\u00e1 adequando os sal\u00e1rios de alguns servidores que n\u00e3o est\u00e3o de conformidade, e essa a\u00e7\u00e3o \u00e9 de extrema necessidade. Falou que a Lei de responsabilidade tem que ser seguida, para n\u00e3o terem problemas futuros. Agradeceu a todos que est\u00e3o acompanhando pelas redes sociais. <b>Na Ordem</b> <b>do Dia:</b> Foi para vota\u00e7\u00e3o <b>Projeto de Lei Complementar n\u00ba 001/2021; </b>Disp\u00f5e sobre altera\u00e7\u00f5es na <b>Lei Complementar n\u00ba 320/2013</b>, na forma que especifica e da outras provid\u00eancias, o mesmo foi para vota\u00e7\u00e3o e aprovado por Vereadores presentes, juntamente com os pareceres n\u00ba <b>01/2021CFOFGF</b> e <b>09/2021 CLJRF</b>. <b>Na Hora da Comunidade:</b> Se inscreveu o membro do Conselho Tutelar Gleicig\u00eanio Bezerra, para apresentar o relat\u00f3rio anual de 2020 do Conselho Tutelar. <b>Nas Explica\u00e7\u00f5es</b> <b>Pessoais:</b> Fizeram uso os Vereadores: <b>M\u00e1rcio Rodrigo da Silva</b> <b>Morais, Pedro Alves Cabral Neto, </b>e<b> Marcos Aur\u00e9lio Alves de Morais</b>. E<b> </b>como n\u00e3o havia mais nada para o momento, a sess\u00e3o foi encerrada. Eu________2\u00ba secret\u00e1rio, transcrevi a presente ata, que<b> </b>vai assinada por mim, pelo presidente, e demais Vereadores presentes na sess\u00e3o.</p>\r\n<p style=\"text-align: right; \"><span>Sala das Sess\u00f5es Vereador Domilson Cris\u00f3stomo da Silva. C\u00e2mara Municipal de Felipe Guerra/RN, em 30 de mar\u00e7o de 2021.</span></p>", "author_name": "", "version": "1.0", "author_url": "https://www.felipeguerra.rn.leg.br/author/feg", "provider_name": "C\u00e2mara Municipal de Felipe Guerra/RN ", "type": "rich"}