{"provider_url": "https://www.felipeguerra.rn.leg.br", "title": "Sess\u00e3o Ordin\u00e1ria", "html": "<p style=\"text-align: justify; \">Aos 06 dias do m\u00eas de Abril do ano de 2021 (dois mil e vinte), reuniram-se ordinariamente no pal\u00e1cio Vereador Joel Canela, sob a Presid\u00eancia do senhor Vereador<b> Marcos Aur\u00e9lio Alves de Morais, </b>que ao constatar a presen\u00e7a dos senhores Vereadores(a):<b> Genilson Santana de Nogueira, Hudemberg Rocha de Oliveira, Luiza Pereira da Costa Neta, Paulo Guilherme Gurgel Cardoso, M\u00e1rcio Rodrigo da Silva Morais, Pedro Alves Cabral Neto</b>. Ausentes os senhores Vereadores: <b>Max Iran de</b> <b>Morais, </b>e<b> Ronaldo Luciano da Costa.</b> O Presidente declara aberta a sess\u00e3o, convidando o segundo secret\u00e1rio Hudemberg Rocha de Oliveira, para fazer a leitura da ata anterior, que depois de lida foi aprovada por Vereadores presentes. <b>No Pequeno Expediente</b>: Foram lidas as mat\u00e9rias em pauta: <b>Indica\u00e7\u00e3o n\u00ba 022/2021;</b> do Vereador Genilson Santana de Nogueira. <b>Requerimentos n\u00ba 009, 010/2021;</b> dos Vereadores: Genilson Santana de Nogueira, e M\u00e1rcio Rodrigo da Silva Morais. <b>Mo\u00e7\u00e3o de Pesar n\u00bas 04, 05, 06, 07/2021</b>. <b>No</b><b> Grande</b> <b>Expediente: </b>Fez uso da palavra o senhor Vereador <b>Genilson Santana de Nogueira, </b>que cumprimentou o presidente, Vereadores, assessor jur\u00eddico Assuerio, blogueiros; Benhur e Edvaldo Barbosa, amigos que acompanham pelas redes sociais. Agradeceu a Deus por estar mais uma vez na casa do povo<b>; </b>e<b> </b>iniciou pedindo apoio dos colegas Vereadores na Indica\u00e7\u00e3o e Requerimento que deu entrada na casa, solicitando o cal\u00e7amento da comunidade de Mulungu, na vila velha e vila nova, e o Requerimento solicitando a receita digitalizada no nosso Munic\u00edpio. Falou sobre a Indica\u00e7\u00e3o do colega Paulo Guilherme, solicitando a implanta\u00e7\u00e3o do v\u00eddeo monitoramento na cidade que \u00e9 de suma import\u00e2ncia, e que nas gest\u00f5es passadas foram solicitados pelos ex- Vereadores J\u00e2nio Barra, Pedro Cabral e Salom\u00e3o Gomes; sendo que hoje Salom\u00e3o Gomes \u00e9 o Prefeito da cidade, ficando at\u00e9 mais f\u00e1cil fazer essa implanta\u00e7\u00e3o, devido ter solicitado quando Vereador, e presidente\u00a0 da\u00a0 C\u00e2mara municipal. Solicitou do senhor Prefeito, e secretaria de sa\u00fade, para que se poss\u00edvel fosse colocada uma cadeira de dentista no posto de sa\u00fade da comunidade de arapu\u00e1, e que o dentista fosse fazer atendimento uma vez por m\u00eas, pois, isso \u00e9 muito importante para a popula\u00e7\u00e3o daquela comunidade. Fez cobran\u00e7a para colocar as l\u00e2mpadas de led na comunidade de Arapu\u00e1. Agradeceu a participa\u00e7\u00e3o. <b>M\u00e1rcio Rodrigo da Silva Morais, </b>cumprimentou a casa, e agradeceu a Deus pelo momento. Prestou solidariedade as fam\u00edlias e amigos das pessoas que se foram em nosso Munic\u00edpio. Lembrou ainda da pessoa de Adair, que trabalhou na \u00e1rea da Petrobras, deixando seu voto de pesar para sua fam\u00edlia. Falou do Requerimento que deu entrada na casa, em prol do agricultor que necessita de apoio em sua produ\u00e7\u00e3o, projeto esse que o agricultor ficar\u00e1 isento da taxa de ilumina\u00e7\u00e3o p\u00fablica, fazendo com que ele produza mais. Sobre o seguro safra, faz tr\u00eas anos que os agricultores n\u00e3o recebem por negligencia do Munic\u00edpio que n\u00e3o contribuiu com sua parcela. Falou que no Munic\u00edpio tem 250 (duzentos e cinquenta), agricultores que hoje poderiam estar sendo beneficiados com 800 (oitocentos reais). Sobre a taxa de ilumina\u00e7\u00e3o p\u00fablica, acredita que o Prefeito ir\u00e1 atender sua solicita\u00e7\u00e3o, e ir\u00e1 contribuir com a parcela seguro safra, para os pequenos agricultores, agradeceu e encerrou sua participa\u00e7\u00e3o. O Vereador<b> Marcos Aur\u00e9lio Alves de Morais. </b>Cumprimentou os colegas Vereadores, e disse ser motivo de alegria estar mais uma vez na casa, agradecia a Deus por isso, e tamb\u00e9m feliz pela redu\u00e7\u00e3o dos casos do Corona v\u00edrus no nosso Munic\u00edpio, como tamb\u00e9m, feliz pela amiga Neurinha estar bem, gra\u00e7as a Deus, e pela recupera\u00e7\u00e3o dos demais que est\u00e3o em tratamento, e feliz tamb\u00e9m pela quantidade de vacinas que est\u00e3o chegando, pois esse \u00e9 o caminho. Falou sobre as doa\u00e7\u00f5es que at\u00e9 os que doam est\u00e3o em necessidade, pelo impacto da economia. Falou sobre a import\u00e2ncia dos Requerimentos e Indica\u00e7\u00f5es dos colegas Vereadores, pois, ser\u00e1 necess\u00e1rio analisar tudo. Falou da minuta do projeto que est\u00e1 no Executivo, da secretaria de a\u00e7\u00e3o social, para ser elaborado um projeto de urg\u00eancia, para ser feito uma licita\u00e7\u00e3o visando aquisi\u00e7\u00e3o de cestas b\u00e1sicas. Falou do jovem que trabalhava na FORTEC, que foi acometido pelo COVID-19. Falou sobre o v\u00eddeo monitoramento, e acredita que o Prefeito ir\u00e1 realizar esse sonho. Falou sobre o Requerimento que solicitou esclarecimentos sobre o COVID-19, e que ainda tem muitas coisas a serem esclarecidas, e que os colegas Vereadores, tamb\u00e9m podem solicitar. Falou sobre o cart\u00e3o FGD, que est\u00e3o sendo cadastrados no Munic\u00edpio, para impactar a economia do nosso Munic\u00edpio. <b>Na</b><b> Ordem</b> <b>do Dia:</b> Foram para vota\u00e7\u00e3o as mat\u00e9rias em pauta: <b>Indica\u00e7\u00f5es n\u00ba 019, 020, 021/2021,</b> dos Vereadores: Max Iran de Morais, e M\u00e1rcio Rodrigo da Silva Morais; as mesmas foram para vota\u00e7\u00e3o e aprovadas por Vereadores presentes. <b>Na Hora da Comunidade:</b> N\u00e3o houve inscritos. <b>Nas Explica\u00e7\u00f5es</b> <b>Pessoais:</b> Fizeram uso da palavra os Vereadores: <b>Genilson Santana de Nogueira,</b> <b>M\u00e1rcio Rodrigo da Silva Morais,</b> e<b> Marcos Aur\u00e9lio Alves de Morais. </b>E como n\u00e3o havia mais nada para o momento, a sess\u00e3o foi encerrada. Eu________2\u00ba secret\u00e1rio, transcrevi a presente ata que<b> </b>vai assinada por mim, pelo presidente, e demais Vereadores presentes na sess\u00e3o.</p>\r\n<p style=\"text-align: right; \">Sala das Sess\u00f5es Vereador Domilson Cris\u00f3stomo da Silva. C\u00e2mara Municipal de Felipe Guerra/RN, em 06 de abril de 2021.<b></b></p>", "author_name": "", "version": "1.0", "author_url": "https://www.felipeguerra.rn.leg.br/author/feg", "provider_name": "C\u00e2mara Municipal de Felipe Guerra/RN ", "type": "rich"}