{"provider_url": "https://www.felipeguerra.rn.leg.br", "title": "Sess\u00e3o Ordin\u00e1ria", "html": "<p style=\"text-align: justify; \">Aos 20 (vinte), dias do m\u00eas de abril do ano de 2021 (dois mil e vinte e um), reuniram-se ordinariamente no pal\u00e1cio Vereador Joel Canela, sob a Presid\u00eancia do senhor Vereador <b>Marcos Aur\u00e9lio Alves de Morais, </b>que ao constatar a presen\u00e7a dos senhores Vereadores(a):<b> Genilson Santana de Nogueira, Hudemberg Rocha de Oliveira, Luiza Pereira da Costa Neta, M\u00e1rcio Rodrigo da Silva Morais, Marcos Aur\u00e9lio Alves de Morais, Max Iran de Morais, Paulo Guilherme Gurgel Cardoso, Pedro Alves Cabral Neto</b>. Ausente<b> </b>o Vereador<b> Ronaldo Luciano Da Costa.</b> O Presidente declara aberta a sess\u00e3o, convidando o segundo secret\u00e1rio Hudemberg Rocha de Oliveira, para fazer a leitura da ata anterior que depois de lida, foi aprovada por Vereadores presentes. <b>No Pequeno Expediente</b>: Foram lidas as mat\u00e9rias em pauta<b>: Of\u00edcio n\u00ba 047/2021; </b>encaminhado a esta casa pelo Poder Executivo, juntamente com o <b>Projeto de Lei n\u00ba 004/2021</b>. <b>Projeto de Lei n\u00ba 004/2021; </b>que disp\u00f5e sobre as diretrizes para elabora\u00e7\u00e3o da Lei Or\u00e7ament\u00e1ria de 2020, do Munic\u00edpio de Felipe Guerra/RN, e da outras providencias. <b>Projeto de Lei n\u00ba 002/2021-GV;</b> disp\u00f5e sobre a inclus\u00e3o dos professores e profissionais da Educa\u00e7\u00e3o na fase 1 (um), como grupo priorit\u00e1rio do programa emergencial de vacina\u00e7\u00e3o, visando o combate e erradica\u00e7\u00e3o do v\u00edrus COVID-19, em todo o territ\u00f3rio do Munic\u00edpio de Felipe Guerra/RN, e d\u00e1 outras provid\u00eancias; \u00a0autores do projeto: <b>Hudemberg Rocha de Oliveira,</b> <b>Luiza Pereira da Costa Neta</b>. <b>Indica\u00e7\u00f5es n\u00ba</b> <b>030, 031 032/2021</b>; dos senhores Vereadores: <b>M\u00e1rcio Rodrigo da Silva Morais</b>, <b>Genilson Santana de Nogueira</b>.<b> Oficio:</b> <b>002/2021;</b> da Secretaria Municipal de Assist\u00eancia Social. <b>Oficio:</b> <b>048/2021-GP;</b> Enviando a est\u00e1 casa de Leis, as contas anuais (Balan\u00e7o anual consolidado e relat\u00f3rios), referente ao exerc\u00edcio 2020. <b>No Grande Expediente: </b>Fez uso da<b> </b>palavra o Vereador<b> Genilson Santana De Nogueira;</b> cumprimentou o presidente da casa e Vereadores presentes, blogueiros, e ouvintes que acompanham pelas redes sociais.\u00a0 Agradeceu por estar na casa do povo, e pediu apoio em sua indica\u00e7\u00e3o sobre o pi\u00e7arramento na comunidade de arapu\u00e1, e quando o per\u00edodo de chuvas terminar esse pedido seja realizado. Cobrou sobre as lumin\u00e1rias da comunidade de arapu\u00e1, que ainda n\u00e3o foram colocadas. Parabenizou o Prefeito por ter atendido o pedido do Vereador Paulo Guilherme, sobre a troca das lumin\u00e1rias na Avenida Mira-Selva. Agradeceu a secret\u00e1ria de sa\u00fade, como tamb\u00e9m o Prefeito, pois, a cadeira de dentista j\u00e1 se encontra na comunidade de Arapu\u00e1. Parabenizou a equipe de vacina, que est\u00e1 fazendo um trabalho brilhante, e n\u00e3o est\u00e3o medindo esfor\u00e7os para imunizar o povo para enfrentar a COVID-19 em nosso Munic\u00edpio. O Vereador<b> Hudemberg Rocha de Oliveira; </b>desejou um boa noite a todos, em especial aos colegas profissionais da educa\u00e7\u00e3o, ao qual tem seu papel fundamental na sociedade que \u00e9 formar o cidad\u00e3o. Falou do projeto de Lei que deu entrada na casa, juntamente com a Vereadora Luiza Pereira, explicando sobre o mesmo, e pedindo para que os profissionais da educa\u00e7\u00e3o n\u00e3o s\u00f3 os professores, mas que todos sejam inclu\u00eddos na vacina para que as aulas voltem de forma segura. A Vereadora<b> Luiza Pereira da Costa Neta; </b>cumprimentou os Vereadores, e os ouvintes que acompanham atrav\u00e9s da pasta da C\u00e2mara Municipal. Iniciou falando da indica\u00e7\u00e3o que deu entrada na casa, que no passado j\u00e1 foi solicitada pelos colegas Pedro Cabral, Marcos Aur\u00e9lio, e Francisco Canind\u00e9; referente a uma lombada em frente ao col\u00e9gio Maria Bernadete Pinto, para que os carros n\u00e3o entrem na cidade de maneira veloz, sendo que dessa forma as crian\u00e7as ficam em constante perigo naquele local. Falou da import\u00e2ncia dessa lombada na Avenida, que precisar ser providenciada para evitar casos de acidentes. Sobre o projeto que fez juntamente com o Vereador Hudemberg Oliveira, disse que \u00e9 de extrema import\u00e2ncia, pois n\u00e3o sabe a quantidade de vacinas que est\u00e1 por vir, e os profissionais precisam trabalhar com seguran\u00e7a. Parabenizou o Vereador Genilson Nogueira, como bem falou que a equipe de sa\u00fade n\u00e3o mede esfor\u00e7os para que o p\u00fablico seja vacinado o mais breve poss\u00edvel, e ainda sobre o projeto e o pedido para in\u00edcio das aulas, pois elas continuam remotas, e juntamente com o Vereador, viu a capacidade de ser atendido n\u00e3o s\u00f3 os professores, mas todos os profissionais da educa\u00e7\u00e3o. Pediu para a secret\u00e1ria vim a esta casa para se poss\u00edvel explicar sobre a vacina, pois \u00e9 sempre bom esclarecer. O Vereador<b> Max Iran de Morais, </b>cumprimentou o presidente, Vereadores, Cosmo, blogueiros, amigo Vinicius, imprensa presente, funcion\u00e1rios da casa, internautas que assistem atrav\u00e9s da folha potiguar, pedra de abelha. Iniciou agradecendo aos colegas Vereadores, justificando sua aus\u00eancia durante duas sess\u00f5es por problemas pessoais. Agradeceu aos colegas pela vota\u00e7\u00e3o em sua <b>indica\u00e7\u00e3o 021/2021</b>; indicando a compra de capacetes ELMO, que\u00a0 as C\u00e2maras Municipais est\u00e3o se unindo para disponibilizarem desses capacetes em suas cidades, pois, as regionais est\u00e3o lotadas, \u00e9 m\u00e9rito do Governo do Estado, mas sobre a doen\u00e7a os Munic\u00edpios est\u00e3o todos unidos em prol do hospital H\u00e9lio Marinho de Morais, em Apodi, que tem sido de grande import\u00e2ncia para essa regi\u00e3o, disse que sonha alto, e n\u00e3o se cansa de cobrar de colegas conhecidos, e parceria para esses capacetes. Falou das doa\u00e7\u00f5es feitas da Uni\u00e3o Brasil dos capacetes, lembrando que Pau Dos Ferros, Alexandria, tenente Ananias, S\u00e3o Francisco do Oeste, Mossor\u00f3, e algumas outras cidades j\u00e1 est\u00e3o prestando servi\u00e7os. Falou que o ex-Prefeito Naldinho de Tibau, fez doa\u00e7\u00f5es as cidades de Grossos, Tibau, Areia Branca e Mossor\u00f3, e isso \u00e9 muito importante. Falou tamb\u00e9m sobre o pedido do Vereador Marcos Aur\u00e9lio, na gest\u00e3o passada Max Morais, tamb\u00e9m fez essa solicita\u00e7\u00e3o, sobre a recupera\u00e7\u00e3o das paredes dos caldeir\u00e3o da comunidade de Santana, que foi atendido pelo Governo Municipal, pediu uni\u00e3o de todos para cobrar a continuidade das obras na ponte do rio, como tamb\u00e9m, o acesso as comunidades de Pindoba e S\u00e3o Louren\u00e7o, parabenizava a sociedade que saiu ganhando. Falou sobre os Deputados eleitos pelos votos do Munic\u00edpio e regi\u00e3o, que ainda n\u00e3o disponibilizaram nenhuma emenda para o Munic\u00edpio, e isso \u00e9 vergonhoso.\u00a0 Sobre a barragem que est\u00e1 com pouco acumulo de \u00e1gua, a empresa Vita Mais, j\u00e1 est\u00e1 retirando \u00e1gua causando assim problemas para os agricultores e pescadores da regi\u00e3o, e isso precisa ser resolvido juntamente com a coluna de pescadores e o povo, para n\u00e3o estarem culpando os Vereadores, pois nove pessoas n\u00e3o podem serem penalizadas por coisas que at\u00e9 a popula\u00e7\u00e3o pode ajudar, sendo que isso \u00e9 uma preocupa\u00e7\u00e3o de todos, encerrou agradecendo a participa\u00e7\u00e3o. O Vereador<b> M\u00e1rcio Rodrigo da Silva Morais; </b>cumprimentou todos os Vereadores, os amigos da imprensa, Cosmo Sena, e demais presentes. Falou da import\u00e2ncia de sempre cobrar do gestor melhorias para o Munic\u00edpio, como tamb\u00e9m, parabenizar pelas coisas feitas, como a reposi\u00e7\u00e3o das l\u00e2mpadas da comunidade de Brejo, Tabuleiro e Boqueir\u00e3o, e servi\u00e7os dos caldeir\u00f5es. Parabenizava a equipe de sa\u00fade do Munic\u00edpio que vem fazendo um belo trabalho. Comentou sobre uma empresa para fazer os servi\u00e7os de limpeza, como coleta de lixo, e como ser\u00e1 feita, e as contrata\u00e7\u00f5es. Sobre a barragem disse que esteve em reuni\u00e3o com a equipe da empresa Vita Mais, e estava presente o Prefeito Salom\u00e3o Gomes, secret\u00e1rio Zico, e outros, e l\u00e1 foram informados que tudo est\u00e1 legalizado, e a \u00e1gua s\u00f3 poderia ser retirada quando o reservat\u00f3rio estivesse cheio, esclarecendo alguns conte\u00fados da conversa, e encerrando suas palavras. O Vereador<b> Paulo Guilherme Gurgel Cardoso;</b> cumprimentou o presidente, Vereadores, colegas que assistem atrav\u00e9s das redes sociais. Iniciou falando da import\u00e2ncia da transmiss\u00e3o das sess\u00f5es pelas r\u00e1dios comunit\u00e1rias do Munic\u00edpio, indagando ao presidente se teria a possibilidade de a C\u00e2mara fazer essa melhoria para que as pessoas que n\u00e3o tem acesso \u00e0 internet possam acompanhar o trabalho dos Vereadores pelo r\u00e1dio, que seria muito importante. Encerrou agradecendo a participa\u00e7\u00e3o. O Vereador<b> Marcos Aur\u00e9lio</b> <b>Alves de Morais; </b>cumprimentou todos os Vereadores, e agradecendo a Deus pela oportunidade de estar mais uma vez na casa. Refor\u00e7ou o assunto da barragem para buscarem mais informa\u00e7\u00f5es, pois uma empresa quando chega ao Munic\u00edpio, ela tem que ter sustentabilidade para n\u00e3o dar com uma m\u00e3o e retirar com a outra. Sobre a taxa de ilumina\u00e7\u00e3o p\u00fablica citada pelo Vereador M\u00e1rcio Morais na sess\u00e3o passada, disse que as cidades vizinhas cobram sim a taxa de ilumina\u00e7\u00e3o, tanto na cidade, como na zona rural, e os colegas Vereadores tem que trazer a casa assuntos com veracidade, pois todos precisam ter a certeza do que falam, para que a popula\u00e7\u00e3o n\u00e3o fique falando contra os Vereadores. Sobre os caldeir\u00f5es, foram feitas as melhorias, e que tem projetos futuros para que ap\u00f3s o per\u00edodo de chuvas possam ser feitas passagem molhadas no Munic\u00edpio, e quando passar o inverno precisam cobrar do Prefeito a quest\u00e3o da ponte. Agradeceu sua participa\u00e7\u00e3o. <b>Na Ordem</b> <b>do Dia:</b> Foram para vota\u00e7\u00e3o as mat\u00e9rias em pauta<b>: Indica\u00e7\u00f5es n\u00ba 023, 024, 025, 026, 027, 028, 029/2021;</b> as mesmas foram para vota\u00e7\u00e3o e aprovadas por todos os Vereadores presentes<b>. Requerimento n\u00ba 011/2021;</b> foi para vota\u00e7\u00e3o e aprovado por todos os Vereadores presentes. <b>Na Hora da Comunidade:</b> Ningu\u00e9m se inscreveu para fazer uso da palavra. <b>Nas Explica\u00e7\u00f5es</b> <b>Pessoais:</b> Fizeram uso da palavra os Vereadores: M\u00e1rcio Rodrigo da Silva Morais, Marcos Aur\u00e9lio Alves de Morais. <b>\u00a0</b>E como n\u00e3o havia mais nada para o momento, a sess\u00e3o foi encerrada. Eu________2\u00ba secret\u00e1rio, transcrevi a presente ata que<b> </b>vai assinada por mim, pelo presidente, e demais Vereadores presentes na sess\u00e3o.</p>\r\n<p style=\"text-align: right; \">Sala das Sess\u00f5es Vereador Domilson Cris\u00f3stomo da Silva. C\u00e2mara Municipal de Felipe Guerra/RN, em 20 de abril de 2021.</p>", "author_name": "", "version": "1.0", "author_url": "https://www.felipeguerra.rn.leg.br/author/feg", "provider_name": "C\u00e2mara Municipal de Felipe Guerra/RN ", "type": "rich"}