{"provider_url": "https://www.felipeguerra.rn.leg.br", "title": "Sess\u00e3o Ordin\u00e1ria", "html": "<p style=\"text-align: justify; \">Aos 25 dias do m\u00eas de maio do ano de 2021 (dois mil e vinte e Um), reuniram-se ordinariamente no pal\u00e1cio Vereador Joel Canela, sob a presid\u00eancia do senhor Vereador<b> Marcos Aur\u00e9lio Alves de Morais, </b>que ao constatar a presen\u00e7a dos senhores Vereadores(a):<b> Genilson Santana de Nogueira, Luiza Pereira da Costa Neta, M\u00e1rcio Rodrigo da Silva Morais, Max Iran de Morais, Pedro Alves Cabral Neto,</b> <b>Ronaldo Luciano da Costa.</b> Ausente os Vereadores: <b>Hudemberg Rocha de Oliveira, Paulo Guilherme Gurgel Cardoso.</b> O Presidente declara aberta a sess\u00e3o, convidando a Vereadora Luiza Pereira da Costa, para assumir os trabalhos como segundo(a) secret\u00e1ria na aus\u00eancia do Vereador Hudemberg Rocha de Oliveira. Em seguida convida a Vereadora para fazer a leitura da ata anterior, que depois de lida foi aprovada por Vereadores presentes. <b>No Pequeno Expediente</b>: Foram lidas as mat\u00e9rias em pauta: <b>Projeto de Lei n\u00ba 03/2021;</b> disp\u00f5e sobre dar nome de <b>Suely Veras Gurgel</b>, a nova pra\u00e7a de conviv\u00eancia localizada em frente ao gin\u00e1sio de esportes da nossa cidade, e da outras providencias. <b>Mo\u00e7\u00e3o de Pesar;</b> a fam\u00edlia do ex-Vereador <b>Francisco de Assis Gurgel</b><b>. </b>Mensagem do Poder Executivo enviando a esta casa o <b>Parecer T\u00e9cnico n\u00ba 004/2021;</b> EMENTA: Mat\u00e9ria de natureza constitucional, administrativa, sa\u00fade p\u00fablica. Quebra de cronograma de vacina\u00e7\u00e3o. Servi\u00e7os p\u00fablicos. Sugest\u00e3o de veto ao Projeto de Lei, consoante raz\u00f5es expostas no seguinte Relat\u00f3rio. <b>No Grande Expediente: </b>Fez uso da<b> </b>palavra o Vereador<b> Max Iran de Morais, </b>que cumprimentou o presidente, Vereadores, funcion\u00e1rios(a) da casa, equipe de comunica\u00e7\u00e3o, internautas que acompanham pelas p\u00e1ginas do facebook. Iniciou suas palavras dizendo que est\u00e1 muito feliz por causa da volta do Vereador Ronaldo Luciano \u00e0 casa, gra\u00e7as a Deus, junto com todos ir\u00e1 desenvolver um trabalho brilhante no Legislativo em 2021/2024. Registrava a presta\u00e7\u00e3o de contas do seu mandato, justificou sua aus\u00eancia no per\u00edodo de duas sess\u00f5es, pois, esteve no gabinete do Deputado Federal Benes Leoc\u00e1rio, e recebeu a oficializa\u00e7\u00e3o de uma emenda parlamentar de 200 (duzentos mil reais), para a associa\u00e7\u00e3o dos produtores rurais de Santana (APRUCS), para aquisi\u00e7\u00e3o de um carro equipado para queijeira, energia solar, c\u00e2mara fria, inform\u00e1tica, e com esses equipamentos ficar\u00e1 apto para melhorar o funcionamento e gerar empregos, de forma direta e indireta, explicando todo o processo \u00e0 casa. Falou sobre as a\u00e7\u00f5es da APRUCS, e suas benfeitorias para a popula\u00e7\u00e3o mais carente do Munic\u00edpio cadastradas na entidade. Falou do menosprezo que as pessoas tem pelos Vereadores, e nunca elogiam o Legislativo, n\u00e3o importa o que fa\u00e7am. Registrou que juntamente com o Vereador Genilson Santana, est\u00e3o tentando junto ao Minist\u00e9rio das comunica\u00e7\u00f5es, e Deputado F\u00e1bio Farias, conseguir colocar internet de gra\u00e7a nas comunidades de Mulungu, Passagem Funda e Arapu\u00e1, j\u00e1 est\u00e1 viabilizando os of\u00edcios juntamente com a Vereadora Luiza Costa e Genilson Santana, pois, o Governo Federal, est\u00e1 com esses projetos em todo o Pa\u00eds, nas comunidades que n\u00e3o tem acesso a telefonia. Falou que foi comunicado pelo Deputado Rog\u00e9rio Marinho, que o Munic\u00edpio ser\u00e1 contemplado com trator, caminh\u00e3o de merenda, grade de arrasto, e que j\u00e1 est\u00e3o no p\u00e1tio da UFERSA, disse que est\u00e1 \u00e0 disposi\u00e7\u00e3o de todos para ajudar, encerrando sua fala. O Vereador<b> M\u00e1rcio Rodrigo da Silva Morais, </b>cumprimentou os Vereadores, amigos da imprensa, telespectadores que est\u00e3o assistindo em casa. Falou dos amigos que se foram como seu primo J\u00fanior, Dedeinha, e outros, com a complica\u00e7\u00e3o do COVID-19, que est\u00e3o vivendo. Deixava os votos de pesar para a fam\u00edlia de Assis Gurgel. <b>Na Ordem</b> <b>do Dia:</b> N\u00e3o houve mat\u00e9rias para vota\u00e7\u00e3o. <b>Na Hora da Comunidade: </b>N\u00e3o houve inscritos. <b>Nas Explica\u00e7\u00f5es</b> <b>Pessoais:</b> Nenhum Vereador fez uso da palavra. E<b> </b>como n\u00e3o havia mais nada para o momento, a sess\u00e3o foi encerrada. Eu________2\u00ba secret\u00e1rio, transcrevi a presente ata, que<b> </b>vai assinada por mim, pelo presidente, e demais Vereadores presentes na sess\u00e3o.</p>\r\n<p style=\"text-align: right; \">Sala das Sess\u00f5es Vereador Domilson Cris\u00f3stomo da Silva. C\u00e2mara Municipal de Felipe Guerra/RN, em 25 de maio de 2021.</p>", "author_name": "", "version": "1.0", "author_url": "https://www.felipeguerra.rn.leg.br/author/feg", "provider_name": "C\u00e2mara Municipal de Felipe Guerra/RN ", "type": "rich"}