{"provider_url": "https://www.felipeguerra.rn.leg.br", "title": "Sess\u00e3o Ordin\u00e1ria", "html": "<p style=\"text-align: justify; \">Ao 01 primeiro dia do m\u00eas de junho do ano de 2021 (dois mil e vinte e um), reuniram-se ordinariamente no pal\u00e1cio Vereador Joel Canela, sob a presid\u00eancia do senhor Vereador<b> Marcos Aur\u00e9lio Alves de Morais, </b>que ao constatar a presen\u00e7a dos senhores Vereadores(a):<b> Genilson Santana de Nogueira, Hudemberg Rocha de Oliveira, Luiza Pereira da Costa Neta, M\u00e1rcio Rodrigo da Silva Morais, Paulo Guilherme Gurgel Cardoso, Pedro Alves Cabral Neto</b>, <b>Ronaldo Luciano da Costa. </b>Ausente: o Vereador<b> Max Iran de Morais.</b> \u00a0O Presidente declara aberta a sess\u00e3o convidando o segundo secret\u00e1rio Hudemberg Rocha de Oliveira, para fazer a leitura da ata anterior que depois de lida, foi aprovada por Vereadores presentes. <b>No Pequeno Expediente</b>: Foram lidas as mat\u00e9rias em pauta: <b>Of\u00edcio n\u00ba</b> <b>063/2021</b> <b>GP</b>; encaminhando a esta casa, o nome do novo l\u00edder do governo municipal na C\u00e2mara Municipal de Felipe Guerra/RN, a senhora Vereadora Luiza Pereira da Costa Neta. <b>Of\u00edcio n\u00ba</b> <b>064/2021; </b>encaminhando a esta casa, o Relat\u00f3rio de Gest\u00e3o Fiscal 1\u00ba quadrimestre, e a receita liquida referente ao mesmo per\u00edodo. Do <b>Projeto de</b> <b>Lei n\u00ba 006/2021;</b> disp\u00f5e sobre a denomina\u00e7\u00e3o da unidade escolar X, do Sitio S\u00e3o Louren\u00e7o Felipe Guerra/RN, que passar\u00e1 a ser denominada de unidade escolar X Professor Ant\u00f4nio Amarildo de Souza, e das outras provid\u00eancias. <b>Indica\u00e7\u00e3o n\u00ba 034/2021;</b> e <b>Requerimento n\u00ba 014/2021; </b>do Vereador M\u00e1rcio Rodrigo da Silva Morais. No<b> Grande Expediente: </b>Fez uso da<b> </b>palavra O Vereador<b> Hudemberg da Rocha Oliveira; </b>que<b> </b>cumprimentou todos os presentes na casa. Disse que sua fala era especial aos profissionais da educa\u00e7\u00e3o, e estava muito feliz pela vit\u00f3ria que foi a inclus\u00e3o dos profissionais da educa\u00e7\u00e3o no plano nacional de imuniza\u00e7\u00e3o, aprovada pelo minist\u00e9rio da sa\u00fade, como tamb\u00e9m, pela comiss\u00e3o tripartite, e todos os \u00f3rg\u00e3os de controle competente do plano de imuniza\u00e7\u00e3o. \u00c9 not\u00f3rio que os professores s\u00e3o de grande import\u00e2ncia para a sociedade, e a inclus\u00e3o foi aceita pela sociedade, e tamb\u00e9m a luta da casa valeu apena, pois jamais ir\u00e1 deixar de lutar por uma educa\u00e7\u00e3o p\u00fablica e gratuita de qualidade e com seguran\u00e7a, a vacina ainda n\u00e3o chegou, mas j\u00e1 est\u00e1 assegurada pela Governadora do Estado 10% para os profissionais da educa\u00e7\u00e3o. Lamentou a morte do sargento da pol\u00edcia militar, deixava o voto de pesar aos familiares, pois nosso Brasil est\u00e1 passando por momentos de incertezas<b>. </b>A Vereadora<b> Luiza Pereira da Costa</b> <b>Neta</b>; cumprimentou todos os Vereadores, telespectadores que acompanham pelas redes sociais, funcion\u00e1rios da casa, professor Elias, e demais que acompanham a sess\u00e3o. Agradeceu ao Prefeito Salom\u00e3o Gomes, por ter lhe indicado como l\u00edder na casa, sentia-se honrada em desempenhar esse papel, e como Vereadora ir\u00e1 ajudar ainda mais virando um elo entre os poderes. Parabenizou a a\u00e7\u00e3o que est\u00e1 acontecendo no Munic\u00edpio, que sempre achou ser uma maneira mais correta para encerrar os questionamentos sobre o COVID-19, assim declarando quem est\u00e1 positivado ou n\u00e3o. Parabenizou o Prefeito pela compra dos testes, disponibilizados para a popula\u00e7\u00e3o jovem, j\u00e1 que os idosos est\u00e3o vacinados. Falou dos positivados na comunidade de Santana, assintom\u00e1ticos, citando que se n\u00e3o fosse esses testes poderiam propagar a doen\u00e7a para os demais. Pediu a popula\u00e7\u00e3o, se estiverem em d\u00favidas acerca do trabalho dos Vereadores, est\u00e3o convidados a participarem, pois est\u00e1 para receber em casa, no gabinete, e at\u00e9 nas redes sociais, pois fica triste quando a popula\u00e7\u00e3o n\u00e3o sabe dos acontecimentos no Legislativo, e chamam os Vereadores de incompetentes ou outras palavras injustas, quando na verdade est\u00e3o lutando pela popula\u00e7\u00e3o de Felipe Guerra, buscando as melhorias que est\u00e3o ao seu alcance. Sobre a vacina fica muito feliz, pois o projeto n\u00e3o deu certo, mas a vacina chegou para todos da educa\u00e7\u00e3o, como sonhavam em ver seus filhos seguros com os profissionais vacinados. Sentia-se triste pelas percas que o Munic\u00edpio vem sofrendo, pelos entes queridos que Deus ilumine a jornada de todos, agradeceu a participa\u00e7\u00e3o. O Vereador<b> M\u00e1rcio Rodrigo da Silva Morais;</b> cumprimentou todos os colegas Vereadores, amigos da imprensa, telespectadores que acompanham a sess\u00e3o. Prestou condol\u00eancias \u00e0 fam\u00edlia do sargento. Falou sobre a Indica\u00e7\u00e3o que deu entrada na casa, sobre os quebra-molas no bairro Malvinas, e sua import\u00e2ncia para evitar acidentes, pois principalmente os motoqueiros n\u00e3o respeitam ningu\u00e9m. Sobre a volta das aulas, acha um grande perigo, pois n\u00e3o \u00e9 um bom momento ainda para a popula\u00e7\u00e3o. Pediu ao gestor para quando as aulas voltarem, os col\u00e9gios estarem em boas condi\u00e7\u00f5es de pinturas e para receber todos com as normas de seguran\u00e7a, agradeceu a participa\u00e7\u00e3o. O Vereador<b> Marcos Aur\u00e9lio Alves de Morais;</b> cumprimentou a todos, e iniciou parabenizando o Prefeito Salom\u00e3o Gomes, e secretaria de sa\u00fade, equipe de vigil\u00e2ncia sanit\u00e1ria, que vem fazendo um trabalho de conscientiza\u00e7\u00e3o de grande import\u00e2ncia, pois percebe-se o comportamento de algumas pessoas. Parabeniza ainda por fazer as testagens em massa na popula\u00e7\u00e3o, sendo de grande import\u00e2ncia para todos nas comunidades, como tamb\u00e9m na cidade, e o Prefeito est\u00e1 de parab\u00e9ns, falou na diferen\u00e7a entre a gest\u00e3o passada e a gest\u00e3o atual, a forma de como Salom\u00e3o vem conduzindo nosso Munic\u00edpio, com organiza\u00e7\u00e3o e responsabilidade em sua administra\u00e7\u00e3o, todos os funcion\u00e1rios com pagamentos em dia, e o repasse geral do INSS, e todos sabem que n\u00e3o era assim, e hoje o Prefeito cumpre com a forma trabalhista que \u00e9 pagar os funcion\u00e1rios em dia, e repassar o valor do INSS, que antes n\u00e3o acontecia. O cidad\u00e3o dizer que a gest\u00e3o est\u00e1 desorganizada est\u00e1 fora da realidade, pois o Prefeito Salom\u00e3o, da forma que \u00e9 respons\u00e1vel, ir\u00e1 administrar o Munic\u00edpio com compromisso na atualidade e no futuro, infelizmente Felipe Guerra n\u00e3o teve sorte com administra\u00e7\u00f5es passadas, n\u00e3o todas. Pediu desculpas \u00e0 fam\u00edlia de Raimundo Roseno, que leva o nome da pra\u00e7a em frente ao gin\u00e1sio poliesportivo, pois apresentou um projeto em nome de Suely, e n\u00e3o por fam\u00edlia, a inten\u00e7\u00e3o era por ser jovem, teve a quest\u00e3o de Railson, atleta diferenciado que poderia levar o nome, mas decidiu esperar Felipe Guerra crescer para homenagear Railson e Suely, disse que o projeto veio do Executivo,\u00a0 e as pessoas falhas, e outros se aproveitam para criticar o Legislativo, agradeceu encerrando sua fala. <b>Na Ordem do Dia:</b> Foi para vota\u00e7\u00e3o o VETO ao <b>Projeto de Lei n\u00ba 002/2021</b>; o mesmo foi derrubado por (05) cinco votos, e (02) duas absten\u00e7\u00f5es. Votaram: Genilson Santana de Nogueira, Hudemberg Rocha de Oliveira, Luiza Pereira da Costa Neta, Paulo Guilherme Gurgel Cardoso, Pedro Alves Cabral Neto. <b>Na Hora da Comunidade:</b> Fez uso da palavra o professor Elias Bernardino de G\u00f3is, para falar sobre o tema: Inser\u00e7\u00e3o da literatura e hist\u00f3ria Felipense na grade curricular das escolas municipais. <b>Nas Explica\u00e7\u00f5es</b> <b>Pessoais:</b> Fizeram uso da palavra os Vereadores: <b>Hudemberg Rocha, M\u00e1rcio</b> <b>Morais, Luiza Pereira, </b>e <b>Marcos Aur\u00e9lio Alves de</b> <b>Morais.</b> E<b> </b>como n\u00e3o havia mais nada para o momento a sess\u00e3o foi encerrada. Eu________2\u00ba secret\u00e1rio, transcrevi a presente ata que<b> </b>vai assinada por mim, pelo presidente, e demais Vereadores presentes na sess\u00e3o.</p>\r\n<p style=\"text-align: right; \">Sala das Sess\u00f5es Vereador Domilson Cris\u00f3stomo da Silva. C\u00e2mara Municipal de Felipe Guerra/RN, em 01 de junho de 2021.</p>", "author_name": "", "version": "1.0", "author_url": "https://www.felipeguerra.rn.leg.br/author/feg", "provider_name": "C\u00e2mara Municipal de Felipe Guerra/RN ", "type": "rich"}