{"provider_url": "https://www.felipeguerra.rn.leg.br", "title": "Sess\u00e3o Ordin\u00e1ria", "html": "<p style=\"text-align: justify; \">Aos 08 dias do m\u00eas de Junho do ano de 2021 (dois mil e vinte), reuniram-se ordinariamente no pal\u00e1cio Vereador Joel Canela, sob a presid\u00eancia do senhor Vereador<b> Marcos Aur\u00e9lio Alves de Morais, </b>que ao constatar a presen\u00e7a dos senhores Vereadores(a):<b> Hudemberg Rocha de Oliveira, Luiza Pereira da Costa Neta, Paulo Guilherme Gurgel Cardoso, M\u00e1rcio Rodrigo da Silva Morais, Max Iran de Morais Pedro Alves Cabral Neto</b>. Ausente os senhores Vereadores: <b>Genilson Santana de Nogueira, Ronaldo Luciano da Costa.</b> O Presidente declara aberta a sess\u00e3o convidando o segundo secret\u00e1rio Hudemberg Rocha de Oliveira, para fazer a leitura da ata anterior que depois de lida foi aprovada por Vereadores presentes. <b>No Pequeno Expediente</b>: Foram lidas as mat\u00e9rias em pauta: <b>Indica\u00e7\u00f5es n\u00ba 035, 036, 037, 038/2021</b>; do Vereador Ronaldo Luciano da Costa. <b>No</b><b> Grande</b> <b>Expediente: </b>Fez uso da palavra o senhor Vereador <b>Max Iran de Morais, </b>que cumprimentou o presidente, Vereadores e funcion\u00e1rios da casa, internautas que assistem pelas redes sociais. Iniciou falando do fato ocorrido com o senhor Machado, que est\u00e1 internado, e que Deus possa restaurar sua sa\u00fade, podendo assim voltar com suas atividades. Solicitou do Governo Municipal, mais aten\u00e7\u00e3o a respeito das estradas vicinais do Munic\u00edpio, pois, j\u00e1 passou o per\u00edodo de chuvas, sendo necess\u00e1rio fazer esse mapeamento, pois a C\u00e2mara Municipal merece respeito, e os Requerimentos da casa precisam ser atendidos, lembrando que o seu mandato \u00e9 do povo, e o povo fazem suas cobran\u00e7as, e como Vereador o seu papel \u00e9 representa-los, agradeceu a participa\u00e7\u00e3o. O Vereador <b>M\u00e1rcio Rodrigo da Silva Morais; </b>cumprimentou o presidente, Vereadores e telespectadores. Iniciou pedindo ora\u00e7\u00e3o para o amigo Machado, que est\u00e1 passando por um momento dif\u00edcil. Parabenizou o gestor pela iniciativa das testagens para o COVID-19 no munic\u00edpio, a\u00e7\u00e3o muito importante, o povo precisa ser proteger, pois est\u00e1 vindo mais uma onda do v\u00edrus, sendo necess\u00e1rio estarem todos preparados para enfrenta-la. Sobre as estradas, cobrou na sess\u00e3o passada e precisa de respostas. Agradeceu a participa\u00e7\u00e3o<b>. Na Ordem</b> <b>do Dia:</b> Foram para vota\u00e7\u00e3o as mat\u00e9rias em pauta: <b>Projeto de Lei</b> <b>n\u00ba 004/2021; </b>Disp\u00f5e sobre as Diretrizes para elabora\u00e7\u00e3o<b> </b>da Lei<b> </b>Or\u00e7ament\u00e1ria de 2022 do Munic\u00edpio de Felipe Guerra/RN, acompanhado dos <b>Pareceres n\u00ba 022/2021CLJRF</b> (Comiss\u00e3o de Legisla\u00e7\u00e3o Justi\u00e7a e Reda\u00e7\u00e3o Final), e <b>o n\u00ba 02/2021 CFOFGF</b> (Comiss\u00e3o de Finan\u00e7as Or\u00e7amento e Fiscaliza\u00e7\u00e3o da Gest\u00e3o Financeira), o mesmo foi para vota\u00e7\u00e3o e aprovado por Vereadores presentes.<b> Projeto de Lei n\u00ba 006/2021; </b>disp\u00f5e sobre a denomina\u00e7\u00e3o da Unidade Escolar X, do Sitio S\u00e3o Louren\u00e7o Felipe Guerra/RN, que passar\u00e1 a ser denominada de Unidade Escolar X Professor Ant\u00f4nio Amarildo de Souza, acompanhado do <b>Parecer n\u00ba 024/2021</b>; foi para vota\u00e7\u00e3o e aprovado por Vereadores presentes. <b>As Indica\u00e7\u00f5es n\u00ba 034 e 039/2021;</b> do Vereador M\u00e1rcio Rodrigo da Silva Morais, foram para vota\u00e7\u00e3o e aprovadas por Vereadores presentes. <b>Na Hora da Comunidade:</b> N\u00e3o houve inscritos. <b>Nas Explica\u00e7\u00f5es</b> <b>Pessoais:</b> Fez uso da palavra os Vereadores: <b>Genilson Santana de Nogueira,</b> <b>M\u00e1rcio Rodrigo da Silva Morais,</b> e<b> Marcos Aur\u00e9lio Alves de Morais. </b>E<b> </b>como n\u00e3o havia mais nada para o momento, a sess\u00e3o foi encerrada. Eu________2\u00ba secret\u00e1rio, transcrevi a presente ata que<b> </b>vai assinada por mim, pelo presidente e demais Vereadores presentes na sess\u00e3o.</p>\r\n<p style=\"text-align: right; \">Sala das Sess\u00f5es Vereador Domilson Cris\u00f3stomo da Silva. C\u00e2mara Municipal de Felipe Guerra/RN, em 08 de junho de 2021.<b></b></p>", "author_name": "", "version": "1.0", "author_url": "https://www.felipeguerra.rn.leg.br/author/feg", "provider_name": "C\u00e2mara Municipal de Felipe Guerra/RN ", "type": "rich"}