{"provider_url": "https://www.felipeguerra.rn.leg.br", "title": "Sess\u00e3o Ordin\u00e1ria", "html": "<p style=\"text-align: justify; \">Aos 22 dias do m\u00eas de Junho do ano de 2021 (dois mil e vinte e Um), reuniram-se ordinariamente no pal\u00e1cio Vereador Joel Canela, sob a Presid\u00eancia do senhor Vereador<b> Marcos Aur\u00e9lio Alves de Morais, </b>que ao constatar a presen\u00e7a dos senhores Vereadores(a):<b> Genilson Santana de Nogueira, Hudemberg Rocha de Oliveira, Luiza Pereira da Costa Neta, M\u00e1rcio Rodrigo da Silva Morais, Pedro Alves Cabral Neto, Max Iran de</b> <b>Morais. \u00a0</b>Ausente os Vereadores<b>: Paulo Guilherme Gurgel Cardoso, Ronaldo Luciano da Costa. </b>\u00a0O Presidente declara aberta a sess\u00e3o, convidando o segundo secret\u00e1rio Hudemberg Rocha de Oliveira para fazer a leitura da ata anterior que depois de lida foi aprovada por Vereadores presentes. <b>No Pequeno Expediente</b>: Foram lidas as mat\u00e9rias em pauta: <b>Indica\u00e7\u00f5es n</b>\u00ba <b>042, 043, 044, 045, 046, 047, 048/2021</b> dos Vereadores: M\u00e1rcio Rodrigo da Silva Morais e Ronaldo Luciano da Costa. <b>Of\u00edcio n\u00ba 001/2021 </b>Conselho Municipal de Desenvolvimento Sustent\u00e1vel e Solid\u00e1rio de Felipe Guerra. <b>Projeto de Lei n\u00ba 007/2021GP;</b> Autoriza o Poder Executivo a contratar pessoal por tempo determinado para atender necessidade tempor\u00e1rio de excepcional interesse p\u00fablico na forma que especifica. <b>No Grande Expediente: </b>Fez uso da<b> </b>palavra o Vereador<b> Max Iran de Morais,</b> que cumprimentou o presidente, Vereadores, internautas que assistem atrav\u00e9s da folha potiguar e pedra das abelhas, usava a palavra para registrar que o Governo iniciou as obras das estradas da zona rural come\u00e7ando a que d\u00e1 acesso a comunidade de Santana pelo rio, agradeceu pelo feito, pois s\u00f3 quem ganha e a popula\u00e7\u00e3o, reivindicava o quanto mais breve as estradas das comunidades de Santana, Pindoba, S\u00e3o Louren\u00e7o at\u00e9 a\u00a0 zona urbana, que precisam ser tomadas as providencias cab\u00edveis, agradecia a oportunidade. O Vereador<b> Marcio Rodrigo da Silva, </b>cumprimentou o presidente, Vereadores, amigos que assiste pelas redes sociais, advogado Assuero, Agnaldo e irm\u00e3ozinho presentes na casa. Iniciou falando das cr\u00edticas ocorridas nas redes sociais sobre as doses de vacinas chegadas e aplicadas. Na oportunidade pediu a Vereadora Luiza costa que usasse seu expediente e esclarece sobre essas vacinas, ao qual falou com maestria sobre as demandas das vacinas que chegaram ao Munic\u00edpio. O Vereador Marcio Rodrigo agradeceu a colega e disse ser de extrema import\u00e2ncia esse esclarecimento. Falou sobre as indica\u00e7\u00f5es que deu entrada na casa sobre os kits irriga\u00e7\u00f5es e programa \u201cpintos caipiras\u201d, explicando sobre os mesmos; Falou que iria dar entrada em um Requerimento solicitando a presen\u00e7a do secret\u00e1rio de agricultura para vir a casa e esclarecer algumas quest\u00f5es sobre sua secretaria; Falou sobre as indica\u00e7\u00f5es que n\u00e3o tiveram respostas, pois n\u00e3o chegam as secretarias. Agradeceu a oportunidade. O Vereador<b> Marcos Aur\u00e9lio Alves de Morais, </b>cumprimentou a todos os presentes, iniciou sua fala parabenizando a equipe de sa\u00fade de Felipe Guerra, a secret\u00e1ria Jackeline Gurgel, Cristiane, a frente das vacinas. A popula\u00e7\u00e3o precisa entender que a quantidade de vacinas n\u00e3o atende \u00e0 demanda e a faixa et\u00e1ria de idade deve esperar pelo pr\u00f3ximo<b> </b>lote e reconhecer que equipe est\u00e1 de parab\u00e9ns pelo trabalho e esfor\u00e7o para imunizar a popula\u00e7\u00e3o de Felipe Guerra, e s\u00e3o dignos de aplausos. Fez cr\u00edtica ao pr\u00f3prio Legislativo pelas indica\u00e7\u00f5es, que elas precisam serem feitas observando as possibilidades de serem atendidas, apenas sugestivo; agradeceu a participa\u00e7\u00e3o.<b> Na Ordem</b> <b>do Dia:</b> Foram para vota\u00e7\u00e3o as <b>Indica\u00e7\u00f5es n\u00ba 040, 041/2021</b> acompanhadas do<b> parecer n\u00ba 026/2021CLJRF</b>, do Vereador Genilson Santana de Nogueira e Hudemberg Rocha de Oliveira, as mesmas foram para vota\u00e7\u00e3o e aprovadas por unanimidade dos Vereadores presentes<b>. </b><b>Na Hora da Comunidade:</b> Usou da palavra o jovem Reinaldo Rodrigo da Igreja Evang\u00e9lica Congressional da Alian\u00e7a, para falar do assunto isen\u00e7\u00e3o da taxa de IPTU nas Igrejas Evang\u00e9licas. <b>Nas Explica\u00e7\u00f5es</b> <b>Pessoais:</b> Fez uso da palavra o Vereador M\u00e1rcio Rodrigo de Morais. O Presidente da casa Marcos Aur\u00e9lio Alves de Morais, agradeceu a presen\u00e7a de todos; e como n\u00e3o havia mais nada para o momento a sess\u00e3o foi encerrada. Eu________2\u00ba secret\u00e1rio, transcrevi a presente ata que<b> </b>vai assinada por mim, pelo presidente e demais Vereadores presentes na sess\u00e3o.</p>\r\n<p style=\"text-align: right; \">Sala das Sess\u00f5es Vereador Domilson Cris\u00f3stomo da Silva. C\u00e2mara Municipal de Felipe Guerra/RN, em 22 de Junho de 2021.</p>", "author_name": "", "version": "1.0", "author_url": "https://www.felipeguerra.rn.leg.br/author/feg", "provider_name": "C\u00e2mara Municipal de Felipe Guerra/RN ", "type": "rich"}