{"provider_url": "https://www.felipeguerra.rn.leg.br", "title": "Sess\u00e3o Ordin\u00e1ria", "html": "<p style=\"text-align: justify; \">Aos 17 dias do m\u00eas de agosto do ano de 2021 (dois mil e vinte e Um), reuniram-se ordinariamente no pal\u00e1cio Vereador Joel Canela, sob a Presid\u00eancia do senhor Vereador<b> Marcos Aur\u00e9lio Alves de Morais, </b>que ao constatar a presen\u00e7a dos senhores Vereadores: <b>Evaldo Neres</b> <b>da Silva, Genilson Santana de Nogueira, Hudemberg Rocha de Oliveira, Luiza Pereira da Costa Neta, M\u00e1rcio Rodrigo da Silva Morais, Max Iran de Morais, Paulo Guilherme Gurgel Cardoso, Pedro Alves Cabral Neto.</b> O Presidente declara aberta a Sess\u00e3o, convidando o primeiro secret\u00e1rio Vereador Hudemberg Rocha de Oliveira, para fazer a leitura da ata anterior que depois de lida foi aprovada por Vereadores presentes. <b>No Pequeno Expediente</b>: Foram lidas as mat\u00e9rias em pauta: <b>Indica\u00e7\u00f5es n\u00ba 053, 054, 055, 056/2021;</b> dos vereadores Marcos Aur\u00e9lio, Max Iran, Luiza Pereira, M\u00e1rcio Morais, Evaldo Neres. <b>Mo\u00e7\u00e3o de Apoio n\u00ba 001/2021</b> da Vereadora Luiza Pereira da Costa Neta.<b> </b><b>No</b><b> Grande Expediente: </b>Fez uso da<b> </b>palavra o Vereador<b> Evaldo Neres da Silva;</b> cumprimentou os Vereadores(a), agradecia a presen\u00e7a da plateia, professor Darci, amigo Emerson, Roberto, Geraldo, e demais desportistas. Parabenizou os colegas pelos Requerimentos, mostrando o trabalho dos Vereadores, que todos tem import\u00e2ncia e est\u00e1 \u00e0 disposi\u00e7\u00e3o de todos e feliz pelo fato da covid-19, est\u00e1 zerado no Munic\u00edpio, encerrou suas palavras agradecendo. O<b> </b>Vereador<b> Hudemberg Rocha de Oliveira; </b>cumprimentou a todos, em suas palavras fez men\u00e7\u00e3o a ex secret\u00e1ria Maria das Neves, que ao final do seu trabalho fez projeto para restaura\u00e7\u00e3o das escolas das comunidades de Arapu\u00e1, Po\u00e7o Tilon, S\u00e3o Louren\u00e7o, e fica feliz em saber que as escolas foram contempladas para serem feitas as devidas reformas, e a quantia destinada a cada uma delas ir\u00e1 ajudar bastante. Parabenizou a equipe da ACDF (associa\u00e7\u00e3o clube desportistas Felipense)<b>, </b>que vem fazendo a forma\u00e7\u00e3o integral tirando os jovens das ruas e do mal caminho, transformando<b> </b>em sa\u00fade e educa\u00e7\u00e3o e essa motiva\u00e7\u00e3o tem o apoio de toda a casa Legislativa, que est\u00e1 \u00e0 disposi\u00e7\u00e3o de todos, agradeceu a participa\u00e7\u00e3o. A Vereadora<b> Luiza Pereira da Costa Neta</b> cumprimentou a todo o Legislativo em nome do presidente Marcos Aur\u00e9lio, cumprimenta e felicita a plateia presente, e todos os ouvintes que acompanham pelas redes sociais. Falou da indica\u00e7\u00e3o que deu entrada na casa, sobre o estacionamento ao lado da pra\u00e7a do outro lado do gin\u00e1sio de esportes, e n\u00e3o sabe o momento que o Munic\u00edpio ir\u00e1 realizar, mas ser\u00e1 importante a conclus\u00e3o daquela obra. Falou da mo\u00e7\u00e3o de apoio ao projeto de Lei que tramita no Senado Federal, pois o \u00faltimo ajuste salarial para equipe de sa\u00fade foi em junho de 1986, ou seja, est\u00e1 preso sem nenhum acr\u00e9scimo h\u00e1 35 anos, sendo uma equipe digna por trabalhar tanto e muitas vezes n\u00e3o ser reconhecido, pediu o apoio dos colegas. Falou sobre as obras do Munic\u00edpio, come\u00e7ando pela sa\u00fade, que aconteceu a implanta\u00e7\u00e3o do PEC (prontu\u00e1rio eletr\u00f4nico do cidad\u00e3o), sendo comprado equipamentos e distribu\u00eddo a equipe de sa\u00fade para capacita\u00e7\u00e3o e uso do material para facilitar o trabalho, reforma do hospital, palestra na unidade sobre aleitamento materno e outros pontos. Sobre a vacina \u00e9 motivo de orgulho pois o Munic\u00edpio est\u00e1 em 1\u00ba lugar na 2\u00ba regional de sa\u00fade em termos de vacina com 97% da vacina conclu\u00edda, a educa\u00e7\u00e3o est\u00e1 se preparando para as aulas presenciais, com reformas e limpeza das escolas, sobre o esporte, o munic\u00edpio est\u00e1 avan\u00e7ando na cultura esportiva, a reforma do campo continua avan\u00e7ando e a parceria entre a Prefeitura e ACDF, continua. Sobre a secretaria de obras, est\u00e1 sendo feito um trabalho incans\u00e1vel, ruas limpas, asfalto conclu\u00eddo na rua Francisco Di\u00f3genes, e logo ser\u00e1 a conclus\u00e3o da rua Jos\u00e9 Gurgel, estradas das comunidades recuperadas, a ilumina\u00e7\u00e3o logo estar\u00e1 conclu\u00edda, pois, s\u00e3o muitas demandas, em breve todas as ruas estar\u00e3o iluminadas, como tamb\u00e9m, as l\u00e2mpadas das comunidades que foi conclu\u00edda, com outras em andamento \u00e9 assim que querem v\u00ea uma Felipe Guerra melhor, e esta casa est\u00e1 de portas abertas para receber todos e cobrar melhorias para a nossa cidade. O Vereador <b>Max Iran de Morais; </b>cumprimentou o presidente da casa, Vereadores, funcion\u00e1rios(as), da casa, equipe de comunica\u00e7\u00e3o, internautas que assiste e acompanham pelas p\u00e1ginas do facebook. Iniciou suas palavras falando na crise da pandemia, e que tinha suspendido os atendimentos presenciais na casa, mas com calma voltou a atender as pessoas em seu gabinete que no total foram 102 atendimentos, com suas demandas que ir\u00e1 buscar junto ao Governo do Munic\u00edpio, e aos Deputados, atrav\u00e9s de emendas. Falou sobre a busca de curso de capacita\u00e7\u00e3o para gerar emprego e renda, comentou sobre doa\u00e7\u00f5es de cestas b\u00e1sicas que se estender\u00e1 at\u00e9 o m\u00eas de janeiro, falou ainda do cart\u00e3o alimenta\u00e7\u00e3o que chegar\u00e1 ao Munic\u00edpio, e que precisa de apoio dos colegas e do Executivo para indicar quem precisa, e o momento \u00e9 ajudar, e est\u00e1 sempre de portas abertas, e buscar orientar, e esse n\u00e3o \u00e9 o papel do Vereador, o papel do Vereador \u00e9 fiscalizar e cobrar, do Executivo e solicitar melhorias para o povo, e como homem p\u00fablico n\u00e3o pode fechar os que precisou, falou sobre o aprendizado das pessoas que hoje sobre vivem do que aprendeu e isso \u00e9 gratificante, falou sobre a capacita\u00e7\u00e3o das pessoas gerando oportunidades para quem quer aprender, parabenizou o presidente pela reforma do plen\u00e1rio, agradeceu a todos. O Vereador<b> M\u00e1rcio Rodrigo da Silva Morais; </b>cumprimentou todos os presentes, Vereadores, senhores Uilson Pascoal da FM boas novas, amigos dos blogs, Benhur, e os que acompanham a sess\u00e3o. Falou da Indica\u00e7\u00e3o que deu entrada na casa, pedindo apoio dos colegas, pois \u00e9 de grande import\u00e2ncia para identificar cada zona rural. Parabenizou a equipe da ACDF, presente na casa, pelo esfor\u00e7o e recome\u00e7o, e dizer que foi indica\u00e7\u00e3o\u00a0 de sua autoria para a limpeza do campo da cidade, e das comunidades, levantou essa bandeira por ser desportista e para aprovar o projeto dessa nova equipe, como a escolinha de Kelo, precisa de ajuda tamb\u00e9m nessa iniciativa do esporte, disse que o mandato de Marcio e Salom\u00e3o est\u00e1 a disposi\u00e7\u00e3o de todos os Felipenses, agradeceu a participa\u00e7\u00e3o. O Vereador<b> Pedro Alves Cabral Neto; </b>Saudou o presidente, Vereadores, agradecendo os presentes, parabenizou o presidente pelo trabalho na casa, parabenizou os colegas Vereadores pelas cobran\u00e7as nas \u00e1reas do Munic\u00edpio, disse que na pr\u00f3xima sess\u00e3o entrara com indica\u00e7\u00e3o para a postia\u00e7\u00e3o na rua Adelino Bonif\u00e1cio, falou sobre a quest\u00f5es dos acidentes no nosso Munic\u00edpio, as drogas, os bares, um desenfreio total, e alguma coisa precisa ser feita, agradeceu a presen\u00e7a\u00a0 dos desportistas, dizendo que os Vereadores est\u00e3o \u00e0 disposi\u00e7\u00e3o. Parabenizou o senhor Prefeito pela pavimenta\u00e7\u00e3o da rua Francisco Di\u00f3genes, parabenizou a secretaria de obras e esportes pelo trabalho no campo de futebol, e se Deus quiser o esporte vai se avan\u00e7ar no Munic\u00edpio. Comentou sobre as multas que est\u00e3o acontecendo no Munic\u00edpio, que precisa procurar a pessoa respons\u00e1vel para esclarecer essa quest\u00e3o. Falou sobre o matadouro p\u00fablico e as reformas que precisa ser feita. \u00a0O Vereador<b> Marcos Aur\u00e9lio Alves de</b> <b>Morais; </b>Cumprimentou a todos os colegas Vereadores, amigos do esporte, Emerson e demais presentes, disse que Pedro Cabral estava cheio de raz\u00e3o, e os Vereadores est\u00e3o unidos sem levantar nenhuma bandeira partid\u00e1ria trabalhando e aplicando pol\u00edticas p\u00fablicas, falou da falta de desemprego a falta de condi\u00e7\u00e3o de comprar o seu pr\u00f3prio alimento, disse que o Vereador Max est\u00e1 de parab\u00e9ns atrav\u00e9s do seu empenho em busca de melhorias para o Munic\u00edpio, disse que Felipe guerra \u00e9 privilegiada com agricultura, as empresas gerando emprego, com poucos recursos mais que ajuda, falou nas a\u00e7\u00f5es do Governo com dificuldades, mas que est\u00e1 sendo executados com maestria. Comentou sobre a reuni\u00e3o que participou do conselho de habita\u00e7\u00e3o h\u00e1 mais de dois anos parado, uma a\u00e7\u00e3o que se iniciou para indica\u00e7\u00e3o de casas de taipas nas comunidades, acima de 60 casas para se priorizar, agradeceu a participa\u00e7\u00e3o<b>.\u00a0\u00a0 Na Ordem</b> <b>do Dia:</b> Foram para vota\u00e7\u00e3o as mat\u00e9rias em pauta. <b>Indica\u00e7\u00f5es n\u00ba 051, 052, 053/2021;</b> dos Vereadores Evaldo Neres da Silva, M\u00e1rcio Rodrigo da Silva Morais, ambas aprovadas por Vereadores presentes. <b>Na Hora da Comunidade: </b>Fez uso da palavra o diretor da ACDF, Emerson Pinheiro de Souza, assunto FNS Federa\u00e7\u00e3o Norte Rio-grandense de Futsal. <b>Nas Explica\u00e7\u00f5es</b> <b>Pessoais:</b> Fizeram uso os Vereadores: M\u00e1rcio Rodrigo da Silva Morais, Luiza Pereira da Costa Neta, Marcos Aur\u00e9lio Alves de Morais. E<b> </b>como n\u00e3o havia mais nada para o momento a sess\u00e3o foi encerrada. Eu________2\u00ba secret\u00e1rio transcrevi a presente ata, que<b> </b>vai assinada por mim, pelo presidente e demais Vereadores presentes na sess\u00e3o.</p>\r\n<p style=\"text-align: justify; \">\u00a0</p>\r\n<p style=\"text-align: right; \">Sala das Sess\u00f5es Vereador Domilson Cris\u00f3stomo da Silva. C\u00e2mara Municipal de Felipe Guerra/RN, em 17 de agosto de 2021.</p>", "author_name": "", "version": "1.0", "author_url": "https://www.felipeguerra.rn.leg.br/author/feg", "provider_name": "C\u00e2mara Municipal de Felipe Guerra/RN ", "type": "rich"}