{"provider_url": "https://www.felipeguerra.rn.leg.br", "title": "Sess\u00e3o Ordin\u00e1ria", "html": "<p style=\"text-align: justify; \">Aos 08 dias do m\u00eas de setembro do ano de 2021 (dois mil e vinte e um), reuniram-se ordinariamente no pal\u00e1cio Vereador Joel Canela, sob a Presid\u00eancia do senhor Vereador<b> Marcos Aur\u00e9lio Alves de Morais, </b>que ao constatar a presen\u00e7a dos senhores Vereadores: <b>Evaldo Neres da Silva,</b> <b>Genilson Santana de Nogueira, Hudemberg Rocha de Oliveira, Luiza Pereira da Costa Neta, M\u00e1rcio Rodrigo da Silva Morais, Max Iran de Morais, Pedro Alves Cabral Neto,</b> <b>Paulo Guilherme Gurgel Cardoso.</b> O Presidente declara aberta a sess\u00e3o convidando a Vereadora Luiza Pereira da Costa para assumir os trabalhos como segundo(a) secret\u00e1ria na aus\u00eancia do Vereador Hudemberg Rocha de Oliveira. Em seguida convida o secret\u00e1rio para fazer a leitura da ata anterior que depois de lida foi aprovada por Vereadores presentes. <b>No Pequeno Expediente</b>: Foram lidas as mat\u00e9rias em pauta: <b>Indica\u00e7\u00e3o n\u00ba 059/2021 </b>e <b>060/2021 </b>do Vereador Evaldo Neres da Silva.<b> </b><b>No</b><b> Grande Expediente: </b>Fez uso da<b> </b>palavra o Vereador <b>Genilson Santana de Nogueira, </b>cumprimentou o presidente, Vereadores e demais presentes na plateia, e outros ouvintes que acompanham atrav\u00e9s das redes sociais e pela FM boas novas, Agradeceu a Deus pelo momento, e pediu apoio dos colegas em sua indica\u00e7\u00e3o que solicitou cal\u00e7amento para a comunidade de arapu\u00e1, pediu que o dentista fosse inclu\u00eddo no programa do PSF para atender\u00a0 aquela comunidade, como tamb\u00e9m, a reposi\u00e7\u00e3o de l\u00e2mpadas que a popula\u00e7\u00e3o est\u00e1 cobrando, agradeceu a participa\u00e7\u00e3o. O Vereador<b> Evaldo Neres Da Silva, </b>cumprimentou o presidente Vereadores, Vereadora, pessoas presentes no plen\u00e1rio, e demais que acompanham pelas redes sociais, agradeceu aos colegas Vereadores pelo apoio em suas indica\u00e7\u00f5es aprovando as mesma, pedindo para olhar com bons olhos as duas \u00faltimas que deu entrada na casa, sobre o trecho do roncador e a limpeza da baixada fluminense, estava cobrando as reivindica\u00e7\u00e3o do povo o seu mandato \u00e9 do povo; Agradeceu a participa\u00e7\u00e3o<b>. </b>O Vereador <b>M\u00e1rcio Rodrigo da Silva Morai</b>s, cumprimentou o presidente, Vereadores, telespectadores que acompanham pela FM boas novas e pelo blog folha potiguar. Falou sobre o esporte cobrando da secretaria de obras a limpeza do campo de futebol de Santana, cobran\u00e7a essa feita pelos desportistas. Repassou a alegria da parte da empresa \u201cVita Mais\u201d, por esta vendo que o Munic\u00edpio est\u00e1 empenhado com a bandeira do emprego e que est\u00e1 de portas abertas para o Munic\u00edpio. Falou sobre o lix\u00e3o na entrada da comunidade de Santana, o cart\u00e3o postal daquela comunidade e que precisam fazer alguma coisa para sanar aquela situa\u00e7\u00e3o que v\u00ea com tristeza. Falou que a Deputada Carla Dickon ir\u00e1 alavancar mais emendas para o Munic\u00edpio de Felipe Guerra, agradeceu a participa\u00e7\u00e3o. O Vereador<b> Max Iran de Morais,</b> cumprimentou os Vereadores, presidente Marcos Aur\u00e9lio, amigo Agnaldo e demais que acompanham pela FM boas novas e pelas redes sociais. Falou da Indica\u00e7\u00e3o e a poss\u00edvel reposi\u00e7\u00e3o de l\u00e2mpadas de LED nas comunidades que seria vi\u00e1vel e que na pr\u00f3xima sess\u00e3o entrar\u00e1 com Indica\u00e7\u00e3o para essa poss\u00edvel reposi\u00e7\u00e3o na comunidade de Santana. Falou sobre a tem\u00e1tica que o Vereador M\u00e1rcio apresentou que \u00e9 muito importante, pois como Vereador sempre buscou resolver essa situa\u00e7\u00e3o na casa tem Indica\u00e7\u00e3o feita juntamente com o colega Marcos Aur\u00e9lio, cobrando a retirada desse lixo, pois Cara\u00fabas j\u00e1 faz essa coleta e seria vi\u00e1vel a parceria do Munic\u00edpio de Felipe Guerra com essa coleta, esperando a conscientiza\u00e7\u00e3o da popula\u00e7\u00e3o, isso lhe deixa triste por ter o cart\u00e3o postal o lix\u00e3o, e como vereador cobra essas melhorias. O vereador<b> Pedro Alves Cabral Neto, </b>saudou o presidente, Vereadora Luiza, agradeceu os que acompanham pelas redes sociais, FM boas novas, e os que est\u00e3o presentes na casa. Comunicou a casa que na pr\u00f3xima sess\u00e3o dar\u00e1 entrada em 03 tr\u00eas indica\u00e7\u00f5es em benef\u00edcios para o Munic\u00edpio, ladeira do S\u00e3o Louren\u00e7o com melhoria de asfalto, a outra ser\u00e1 a rua Adelino Bonif\u00e1cio com asfalto e lumin\u00e1ria, a terceira indica\u00e7\u00e3o ser\u00e1 a constru\u00e7\u00e3o de uma casa de apoio ao idoso. Parabenizou os Vereadores Mazinho, M\u00e1rcio, Max pelos relatos feitos ao lixo que a popula\u00e7\u00e3o tamb\u00e9m precisa se conscientizar. Pediu para que a secretaria de obras fizesse uma limpeza nas laterais da RN, que liga Felipe Guerra. Falou sobre a \u201cvita mais\u201d, e o que est\u00e1 acontecendo com a agua, sendo retirada da barragem, pedindo para juntos buscarem uma solu\u00e7\u00e3o, agradeceu sua fala<b>. </b>O Vereador<b> Marcos Aur\u00e9lio Alves de Morais,</b> iniciou dizendo da felicidade do trabalho feito na casa, as inteira\u00e7\u00e3o dos Vereadores, a transpar\u00eancia na fala de cada colega, isso \u00e9 muito importante, pois a popula\u00e7\u00e3o tem visto as a\u00e7\u00f5es de cada um atrav\u00e9s das redes sociais, e da r\u00e1dio, sendo a maneira de levar o Legislativo as resid\u00eancia, alguns parabenizando o trabalho dos Vereadores. Falou sobre a quest\u00e3o do lixo sendo jogado na RN, a falta de consci\u00eancia do povo, pediu ao Prefeito para melhorar a coleta do lixo na cidade. Falou da visita do coronel Castelo Branco ao munic\u00edpio, e a instala\u00e7\u00e3o de um piloto de pol\u00edcia na cidade, comentou sobre os amarelinhos que est\u00e3o cumprindo a Lei, e todos tem que terem os devidos cuidados, pois os Vereadores n\u00e3o podem fazer nada por ser uma Lei Federal.\u00a0 Falou sobre a visita que fez a \u201cVita Mais\u201d ficou muito feliz, estar juntamente com o Prefeito Salom\u00e3o, Vice Prefeito Ubiracy, Vereador M\u00e1rcio, os representantes da china, em negocia\u00e7\u00e3o, falou sobre a f\u00e1brica de acerola que ser\u00e1 constru\u00edda no Munic\u00edpio na gera\u00e7\u00e3o de empregos, e movimentando a economia. Sobre os movimentos do dia 07 de setembro, essa pauta que deveria ser debatida, gera\u00e7\u00e3o de empregos, n\u00e3o voto expresso de direita e esquerda, isso s\u00f3 mostra a falta de gestor com responsabilidade. Falou da luta do gestor Salom\u00e3o Gomes para colocar todos os carros do Munic\u00edpio em dia, deixa o seu repudio ao ex-gestor Haroldo Ferreira pelo que fez com o Munic\u00edpio de Felipe Guerra. <b>Na Ordem</b> <b>do Dia:</b> Foram para vota\u00e7\u00e3o: <b>Projeto de Lei n\u00ba</b> <b>004/2021;</b> institui a medalha de honra ao m\u00e9rito aos empreendedores de nossa cidade e aqueles que contribui diretamente no nosso Munic\u00edpio, e da outras provid\u00eancias, o mesmo foi para vota\u00e7\u00e3o e aprovado por Vereadores presentes. <b>Requerimento n\u00ba014/2021;</b> da Vereadora Luiza Pereira da Costa Neta, o referido foi para vota\u00e7\u00e3o e aprovado por todos os presentes. <b>Indica\u00e7\u00e3o n\u00ba</b> <b>057/2021;</b> do Vereador Genilson Santana de Nogueira, o mesmo foi para vota\u00e7\u00e3o e aprovado por Vereadores presentes. <b>Na Hora da Comunidade: </b>N\u00e3o houve inscritos. <b>Nas Explica\u00e7\u00f5es</b> <b>Pessoais:</b> Fizeram uso os Vereadores. E<b> </b>como n\u00e3o havia mais nada para o momento, a sess\u00e3o foi encerrada. Eu________2\u00ba secret\u00e1rio transcrevi a presente ata que<b> </b>vai assinada por mim, pelo presidente e demais Vereadores presentes na sess\u00e3o.</p>\r\n<p style=\"text-align: justify; \">\u00a0</p>\r\n<p style=\"text-align: right; \">Sala das Sess\u00f5es Vereador Domilson Cris\u00f3stomo da Silva. C\u00e2mara Municipal de Felipe Guerra/RN, em 08 de setembro de 2021.</p>", "author_name": "", "version": "1.0", "author_url": "https://www.felipeguerra.rn.leg.br/author/feg", "provider_name": "C\u00e2mara Municipal de Felipe Guerra/RN ", "type": "rich"}