{"provider_url": "https://www.felipeguerra.rn.leg.br", "title": "Sess\u00e3o Ordin\u00e1ria", "html": "<p style=\"text-align: justify; \">Aos 22 dias do m\u00eas de setembro do ano de 2021 (dois mil e vinte e Um), reuniram-se ordinariamente no pal\u00e1cio Vereador Joel Canela, sob a Presid\u00eancia do senhor Vereador<b> Marcos Aur\u00e9lio Alves de Morais; </b>que ao constatar a presen\u00e7a dos senhores Vereadores:<b> \u00a0Evaldo Neres da Silva, Genilson Santana de Nogueira, Hudemberg Rocha de Oliveira, Luiza Pereira da Costa Neta, M\u00e1rcio Rodrigo da Silva Morais, Max Iran de Morais, Pedro Alves Cabral Neto, Paulo Guilherme Gurgel Cardoso.</b> O Presidente declara aberta a sess\u00e3o, convidando o segundo secret\u00e1rio Hudemberg Rocha de Oliveira para fazer a leitura da ata anterior que depois de lida foi aprovada por Vereadores presentes. <b>No Pequeno Expediente</b>: Foram lidas as mat\u00e9rias em pauta. <b>No</b><b> Grande Expediente: </b>Fez uso da<b> </b>palavra O Vereador<b> Hudemberg da Rocha Oliveira; </b>Cumprimentou o presidente; o Vereador<b> M\u00e1rcio Rodrigo da Silva Morais; </b>cumprimentou todos os colegas; e o Vereador<b> Marcos Aur\u00e9lio Alves de</b> <b>Morais;</b> iniciou agradecendo a Deus. <b>Na Ordem</b> <b>do Dia:</b> Foram para vota\u00e7\u00e3o as mat\u00e9rias em pauta: <b>Indica\u00e7\u00e3o n\u00ba 061, 062, 063, 064, 065, 066/2021</b> dos Vereadores: <b>Marcio Rodrigo, Evaldo Neres, Luiza Pereira, Genilson Santana;</b> as referidas foram para vota\u00e7\u00e3o e aprovadas por todos os Vereadores presentes. <b>Na Hora da Comunidade:</b> Ningu\u00e9m se inscreveu. <b>Nas Explica\u00e7\u00f5es</b> <b>Pessoais:</b> Fizeram uso os Vereadores: <b>M\u00e1rcio Rodrigo da Silva</b> <b>Morais, Pedro Alves Cabral Neto e Marcos Aur\u00e9lio Alves de Morais</b>. E<b> </b>como n\u00e3o havia mais nada para o momento a sess\u00e3o foi encerrada. Eu________2\u00ba secret\u00e1rio, transcrevi a presente ata que<b> </b>vai assinada por mim, pelo presidente e demais Vereadores presentes na sess\u00e3o.</p>\r\n<p style=\"text-align: right; \">\u00a0</p>\r\n<p style=\"text-align: right; \">Sala das Sess\u00f5es Vereador Domilson Cris\u00f3stomo da Silva. C\u00e2mara Municipal de Felipe Guerra/RN, em 22 de setembro de 2021.</p>", "author_name": "", "version": "1.0", "author_url": "https://www.felipeguerra.rn.leg.br/author/feg", "provider_name": "C\u00e2mara Municipal de Felipe Guerra/RN ", "type": "rich"}