{"provider_url": "https://www.felipeguerra.rn.leg.br", "title": "Sess\u00e3o Ordin\u00e1ria", "html": "<p style=\"text-align: justify; \">Aos 13 dias do m\u00eas de outubro do ano de 2021 (dois mil e vinte e Um), reuniram-se ordinariamente no pal\u00e1cio Vereador Joel Canela de Oliveira, sob a Presid\u00eancia do senhor Vereador<b> Marcos Aur\u00e9lio Alves de Morais; </b>que ao constatar a presen\u00e7a dos senhores Vereadores: <b>Evaldo Neres da Silva, Genilson Santana de Nogueira, Hudemberg Rocha de Oliveira, Luiza Pereira da Costa Neta, M\u00e1rcio Rodrigo da Silva Morais, Max Iran de Morais, Paulo Guilherme Gurgel Cardoso.</b> Ausente o Vereador Pedro Alves Cabral Neto. O Presidente declara aberta a sess\u00e3o convidando o Vereador Max Iran de Morais para fazer parte da mesa na aus\u00eancia do Vereador Pedro Alves Cabral Neto. Em seguida convida o segundo secret\u00e1rio Hudemberg Rocha de Oliveira para fazer a leitura da ata anterior que depois de lida foi aprovada por vereadores presentes. <b>No Pequeno Expediente</b>: Foram lidas as mat\u00e9rias em pauta<b>: \u00a0Indica\u00e7\u00e3o n\u00ba 069, </b>70/2021<b> </b>do Vereador Evaldo Neres. <b>No</b><b> Grande Expediente: </b>Fez uso da<b> </b>palavra O Vereador<b> Evaldo Neres da Silva; </b>cumprimentou o presidente, Vereadores, Vereadora, vice-Prefeito e todos que est\u00e3o acompanhando pelas redes sociais e FM boas novas. Iniciou parabenizando os Vereadores M\u00e1rcio Rodrigo e Max Morais, e o amigo Deuzivan pelos festejos do dia da crian\u00e7a, um trabalho bem feito junto a sociedade. Falou a quest\u00e3o levantada na sess\u00e3o passada pelo senhor Ant\u00f4nio (Duquinha), sobre os exames e medicamentos, tomou conhecimento dos fatos e em conversa com o secret\u00e1rio e o senhor Prefeito e vice Prefeito disseram que as demandas s\u00e3o poucas e mesmo com as dificuldades enfrentadas ir\u00e1 trabalhar por mais melhorias, lembrando que seu mandato \u00e9 do povo e para o povo. Sobre o conselho tutelar buscou se informar do que vem ocorrendo e foi informado a presen\u00e7a de um conselheiro na casa do povo para esclarecer alguns questionamentos. Parabenizou o fisioterapeuta pelo seu dia um trabalho necess\u00e1rio para a popula\u00e7\u00e3o e que vem auxiliando em Felipe Guerra e no Brasil inteiro. Agradeceu a participa\u00e7\u00e3o. O Vereador<b> Hudemberg da Rocha Oliveira; </b>cumprimentou todos os presentes, secret\u00e1rio e vice-Prefeito Ubiracy. Usava a tribuna para agradecer todas as mensagens de carinho pelo seu anivers\u00e1rio. Parabenizou todos os envolvidos pelo dia das crian\u00e7as, Vereadores M\u00e1rcio e Max, a pessoa de Deuzivan e os que contribu\u00edram direto e indiretamente nesse evento. Agradeceu ao Deputado Federal Rafael Mota, que tem compromisso com Felipe Guerra, e vem sempre destinando obras e ajuda, e comunicar que j\u00e1 est\u00e1 dispon\u00edvel nas contas da prefeitura 146,501,01, da \u00faltima parcela da emenda de 400 mil para constru\u00e7\u00e3o da quadra e a Prefeitura est\u00e1 de parab\u00e9ns, disse ainda que a emenda no valor de 100 cem mil j\u00e1 se encontra liberada a institui\u00e7\u00e3o que trabalha com crian\u00e7a e adolescente \u00e0 frente Dulcivan Fernandes, parceria que todos tem a import\u00e2ncia fundamental e s\u00f3cio econ\u00f4mico e educacional. Falou a pedido de v\u00e1rias m\u00e3es sobre o kit escolar que \u00e9 de extrema necessidade j\u00e1 que as aulas n\u00e3o tiveram retorno ser\u00e1 importante a distribui\u00e7\u00e3o dos kits, pois j\u00e1 entrou 10 parcelas do PNAI (programa nacional de alimenta\u00e7\u00e3o escolar que destinou recursos que ir\u00e1 melhorar nesse momento e que vai amenizar e buscar a maneira de ajudar da melhor forma poss\u00edvel. A Vereadora <b>Luiza Pereira da Costa Neta;</b> cumprimentou todos os Vereadores em nome do presidente Marcos Aur\u00e9lio e em nome do vice-Prefeito Ubiracy, saudava a plateia presente, ouvintes da FM boas novas e os telespectadores que acompanham nas redes sociais e pela folha potiguar. Deixava as palavras de felicita\u00e7\u00f5es aos Vereadores Max e M\u00e1rcio que contribu\u00edram para essa bonita a\u00e7\u00e3o e para ver a alegria das crian\u00e7as, como tamb\u00e9m, a secretaria de educa\u00e7\u00e3o que distribuiu lancheiras. Falou do encontro com o Deputado Jo\u00e3o Maia que reafirmou o compromisso com o Munic\u00edpio de Felipe Guerra. Falou da Indica\u00e7\u00e3o sobre o outubro rosa que deu entrada na casa pedindo apoio dos colegas que \u00e9 de grande import\u00e2ncia para a popula\u00e7\u00e3o de Felipe Guerra em especial as mulheres de combate ao c\u00e2ncer de mama e uterino, pois cada dia v\u00ea as mulheres apresentar esse sintoma, pois n\u00e3o procuram o sistema e gostaria que esse planejamento fosse feito juntamente com a secretaria de sa\u00fade que \u00e9 a melhor forma de n\u00e3o adoecer \u00e9 prevenir. Falou do comprometimento de Dr. Bernardo com o munic\u00edpio que realizou no decorrer da semana consultas, 35 endoscopias, encaminhamentos para 16 cirurgias eletivas, as ultrassonografias que voltou a funcionar em Cara\u00fabas e gostaria que fosse realizadas na UBS ainda esse m\u00eas. Parabenizou o governo municipal que n\u00e3o para de trabalhar na medida do poss\u00edvel, trator funcionando, balan\u00e7a em pleno funcionamentos. Parabenizou pelo programa cidade limpa. Agradeceu sua participa\u00e7\u00e3o. O Vereador<b> M\u00e1rcio Rodrigo da Silva Morais; </b>cumprimentou os Vereadores vice prefeito Ubiracy Pascoal, e todos os presentes na casa. Agradeceu os Vereadores pelos parab\u00e9ns recebidos em colabora\u00e7\u00e3o com o munic\u00edpio, pois quem faz para as crian\u00e7as faz para Deus e a festa na Avenida M\u00e3e Gonzaga foi sucesso e se Deus quiser ir\u00e1 fazer mais ainda e agradecia aos que contribu\u00edram com esse evento. Parabenizou o Vereador Max Morais que h\u00e1 anos vem contribuindo com as crian\u00e7as do nosso munic\u00edpio. Parabenizou os organizadores da copa Ronaldo Pascoal uma pessoa que tanto contribuiu para o munic\u00edpio. Quanto as palavras de Hudemberg sobre o Kit escolar foi cobrado por v\u00e1rias pessoas e essas cobram por estarem necessitando. Disse que o Vereador M\u00e1rcio juntamente com a empresa Vita Mais, est\u00e1 para contribuir com 04 quatro toneladas de frutas para colocar nos kits e as frutas j\u00e1 est\u00e1 \u00e0 disposi\u00e7\u00e3o para entrega. Agradeceu a participa\u00e7\u00e3o. O Vereador<b> Max Iran de Morais; </b>cumprimentou o presidente, Vereadores, as pessoas presentes e os que acompanham pela FM Boas Novas. Registrou sua presen\u00e7a em Cara\u00fabas juntamente com a bancada de Vereadores para discutirem a emenda destinada a APRUCS que veio pelo Munic\u00edpio de Cara\u00fabas j\u00e1 que ela est\u00e1 localizada no territ\u00f3rio caraubense e o recurso j\u00e1 est\u00e1 na conta desde o dia 02 de agosto<b> </b>para terminar os tr\u00e2mites legais para funcionamento a primeira queijeira da regi\u00e3o oeste que ir\u00e1 funcionar e gerar emprego para v\u00e1rias fam\u00edlias. Sobre o dia das crian\u00e7as enfatizou que antes mesmo de ser Vereador j\u00e1 fazia essa comemora\u00e7\u00e3o, como natal, dia das m\u00e3es e dia das crian\u00e7as um trabalho gratificante. Parabenizou o Vereador M\u00e1rcio Morais pela iniciativa, como tamb\u00e9m, Deuzivan Leite e os demais colaboradores por esse dia especial que Deus de oportunidade para continuar com esse trabalho, pois n\u00e3o tem pre\u00e7o v\u00ea as crian\u00e7as do nosso munic\u00edpio feliz, fez registro da participa\u00e7\u00e3o do Vereador Evaldo \u201cMazinho\u201d no evento juntamente com sua filha, agradeceu a oportunidade. O Vereador<b> Marcos Aur\u00e9lio Alves de</b> <b>Morais; </b>iniciou agradecendo a Deus por estar mais uma vez na casa do povo, agradeceu a popula\u00e7\u00e3o de Felipe Guerra por lhe confiar o seu 2\u00ba mandato como Vereador, parabenizou todos que com disposi\u00e7\u00e3o e confian\u00e7a proporcionaram o dia das crian\u00e7as com alegria. Sobre o epis\u00f3dio da sess\u00e3o passada ao n\u00e3o atendimento por parte da diretora do hospital regional de Apodi a um paciente de Felipe Guerra, a mesma postou v\u00eddeo como replica de sua fala dizendo que o Vereador Marcos Aur\u00e9lio programou bater nela e que veio a casa mentir mas que esse Vereador nunca ir\u00e1 trazer a casa em sua fala fotos que n\u00e3o sejam informados e com seguran\u00e7a e o epis\u00f3dio foi verdadeiro e com detalhes pelo motorista Caic\u00f3 e o paciente conhecido por Paulinho, encaminhado pela secret\u00e1ria Jaqueline e a sua fala como representante do povo \u00e9 pra defender a popula\u00e7\u00e3o e precisa esclarecer a cidade de Felipe Guerra, pois todos sabem quem gosta de atuar como atriz, pois \u00e9 nascido na comunidade de Santana, filho de pais semi analfabetos pessoas humildes mais que souberam lhe criar com educa\u00e7\u00e3o e nunca ouviram falar que um filho de \u201cBudico\u201d se envolveu em confus\u00e3o seja l\u00e1 com quem for em Felipe Guerra, errou por defender\u00a0 um gestor que deixou mais de 5 milh\u00f5es em d\u00edvidas essas s\u00e3o suas palavras como forma de desabafo e ningu\u00e9m vai calar esse Vereador, o que estiver de errado vai falar, pois perderam a mamada e Felipe Guerra vai saber quem realmente \u00e9 desonesto, agradeceu sua fala. <b>Na Ordem</b> <b>do Dia:</b> Foram para vota\u00e7\u00e3o as mat\u00e9rias em pauta: <b>Indica\u00e7\u00e3o n\u00ba 068/2021</b> do Vereador:<b> Evaldo Neres da Silva,</b> a referida foi para vota\u00e7\u00e3o e aprovada por todos os presentes. <b>Projeto de Lei n\u00ba 003/2021</b> EMENTA: Disp\u00f5e sobre o programa de parcelamento incentivado PPI- autoriza a utiliza\u00e7\u00e3o de protesto extrajudicial de cr\u00e9ditos da fazenda municipal e d\u00e1 outras providencias, foi para vota\u00e7\u00e3o e aprovado por Vereadores presentes acompanhado do parecer da CLJRF. <b>Na Hora da Comunidade:</b> Se inscreveram: A senhora Erineide da Costa falando sobre a revitaliza\u00e7\u00e3o da Cidade Baixa. E o senhor Gleicig\u00eane Bezerra sobre as atribui\u00e7\u00f5es do conselho tutelar. <b>Nas Explica\u00e7\u00f5es</b> <b>Pessoais:</b> Fizeram uso os Vereadores: <b>M\u00e1rcio Rodrigo da Silva</b> <b>Morais, Evaldo Neres da Silva, Max Iram de Morais. </b>O Presidente da casa Marcos Aur\u00e9lio Alves de Morais agradeceu a presen\u00e7a de todos convidando os Vereadores para a pr\u00f3xima sess\u00e3o, e<b> </b>como n\u00e3o havia mais nada para o momento a sess\u00e3o foi encerrada. Eu________2\u00ba secret\u00e1rio, transcrevi a presente ata que<b> </b>vai assinada por mim, pelo presidente e demais Vereadores presentes na sess\u00e3o.</p>\r\n<p style=\"text-align: justify; \">\u00a0</p>\r\n<p style=\"text-align: right; \">Sala das Sess\u00f5es Vereador Domilson Cris\u00f3stomo da Silva. C\u00e2mara Municipal de Felipe Guerra/RN, em 13 de outubro de 2021.</p>", "author_name": "", "version": "1.0", "author_url": "https://www.felipeguerra.rn.leg.br/author/feg", "provider_name": "C\u00e2mara Municipal de Felipe Guerra/RN ", "type": "rich"}