{"provider_url": "https://www.felipeguerra.rn.leg.br", "title": "Sess\u00e3o Ordin\u00e1ria", "html": "<p style=\"text-align: justify; \">Aos 07 dias do m\u00eas de dezembro do ano de 2021 (dois mil e vinte e Um), reuniram-se ordinariamente no pal\u00e1cio Vereador Joel Canela, sob a Presid\u00eancia do senhor Vereador<b> Marcos Aur\u00e9lio Alves de Morais; </b>que ao constatar a presen\u00e7a dos senhores Vereadores:<b> \u00a0Genilson Santana de Nogueira, Hudemberg Rocha de Oliveira, Evaldo Neres da Silva, Luiza Pereira da Costa Neta, M\u00e1rcio Rodrigo da Silva Morais, Paulo Guilherme Gurgel Cardoso,</b> <b>Max Iran de</b> <b>Morais, Pedro Alves Cabral Neto.</b> O Presidente declara aberta a Sess\u00e3o convidando o segundo secret\u00e1rio Hudemberg Rocha de Oliveira para fazer a leitura da ata anterior que depois de lida foi aprovada por Vereadores presentes. <b>No Pequeno Expediente</b>: N\u00e3o houve mat\u00e9rias a serem lidas. <b>No</b><b> Grande Expediente: </b>Fez uso da<b> </b>palavra o Vereador<b> Evaldo Neres da Silva; </b>Cumprimentou o presidente, Vereadores, ouvintes que acompanham pelas redes sociais, e aos que estavam na plateia saudava em nome de Agnaldo, e agradeceu a Deus pelo momento vivenciado. Falou das indica\u00e7\u00f5es sobre a ilumina\u00e7\u00e3o p\u00fablica nas ruas Br\u00e1s Costa e Jos\u00e9 Mamasses, que est\u00e1 sendo cobrado, pela escurid\u00e3o que ali predomina e pede apoio dos colegas na aprova\u00e7\u00e3o das mesmas. Falou que procurou o ou (a) respons\u00e1vel do hospital sobre a quest\u00e3o da COVID-19, em nossa cidade e desde j\u00e1 parabenizava toda equipe da sa\u00fade e a popula\u00e7\u00e3o que cada um est\u00e1 fazendo o seu papel para o bem de todos e os casos est\u00e3o zerado em nossa cidade. Cobrou sobre os kits escolar que falou em outra sess\u00e3o e at\u00e9 hoje n\u00e3o foi resolvido, pedia ao secret\u00e1rio de educa\u00e7\u00e3o para vir a casa prestar esclarecimentos a popula\u00e7\u00e3o, agradeceu a participa\u00e7\u00e3o. O Vereador<b> Max Iran de Morais;</b> cumprimentou o presidente, Vereadores, amigos que sempre assistem presencial as sess\u00f5es na casa do povo e os ouvintes que acompanham atrav\u00e9s das redes sociais e FM Boas Novas. Iniciou agradecendo ao Deputado Gir\u00e3o, pelo envio da emenda para a pavimenta\u00e7\u00e3o da comunidade de Santana no valor de 100,38 (cem mil e trinta e oito reais), uma luta travada que solicitado quando visitou a APRUCS, \u00e9 pouco mas que haver\u00e1 outras oportunidades para solicitar mais para o munic\u00edpio de Felipe Guerra. Disse que a prefeitura ter\u00e1 que elaborar projeto e executar a pavimenta\u00e7\u00e3o da rua principal da comunidade de Santana, pois ser\u00e1 um marco e ficar\u00e1 para outras gera\u00e7\u00f5es. Falou que a luta das emendas come\u00e7ar\u00e1 em fevereiro e ser\u00e1 oportunidade para lutarem por emendas para zona rural e Felipe Guerra. Disse que a emenda do Deputado Benes, est\u00e1 na conta de Cara\u00fabas para APRUCS, e j\u00e1 est\u00e1 sendo solicitado a finalidade dos equipamentos da queijeira para o funcionamento em 2022, c\u00e2mara fria e energia solar e veiculo<b>. </b>Solicitou verbalmente ao senhor Prefeito para olhar com bons olhos o corredor das comunidades de Pindoba I, Paulista, Santana e Pac\u00f3, pois l\u00e1 trafega v\u00e1rias pessoas da regi\u00e3o e ser\u00e1 importante esse feito antes das chuvas, sendo vi\u00e1vel um bom material para tal. Como tamb\u00e9m, refor\u00e7ar as paredes dos caldeir\u00f5es que precisa de aten\u00e7\u00e3o e com certeza o Prefeito ir\u00e1 olhar com bons olhos esses pedidos, sendo esse o papel do Vereador fiscalizar e cobrar e acompanhar as a\u00e7\u00f5es do Executivo e Legislativo, agradeceu sua participa\u00e7\u00e3o.<b> </b>O Vereador<b> Marcio Rodrigo da Silva Morais;</b> cumprimentou todos da casa, Vereadores, visitantes, agradecendo a Deus pelas lutas incans\u00e1vel, fiscalizando e cobrando que \u00e9 um dever e foi eleito com a miss\u00e3o de fiscalizador do munic\u00edpio. Parabenizou o gestor pelo PPA, um plano bem elaborado junto as comunidades esperando que seja executado, pois s\u00f3 trar\u00e1 melhorias para o munic\u00edpio de Felipe Guerra. Pediu ao gestor para olhar com bons olhos as indica\u00e7\u00f5es dos Vereadores, pois sonham em ver essas melhorias realizadas. Disse que estava para ajudar e fiscalizar e buscar emendas para o munic\u00edpio, pois trabalhando com o p\u00e9 no ch\u00e3o tudo fluir\u00e1, agradeceu a Deus e os ouvintes que estavam acompanhando pelas redes sociais. O Vereador <b>Max Iran de Morais; </b>saudou o presidente, Vereadores, Vereadora Luiza, internautas e os que est\u00e3o em casa acompanhando atrav\u00e9s da FM boas Novas. Iniciou falando do oficio que apresentou ao DNOCS, para a constru\u00e7\u00e3o de uma caixa d\u2019agua na comunidade de Santana, que a \u00faltima reforma foi na gest\u00e3o do ex-Prefeito Br\u00e1s Costa, e precisa buscar refor\u00e7os e melhoria para aquela comunidade, como tamb\u00e9m, refor\u00e7o para a comunidade de pindoba que tamb\u00e9m tem a problem\u00e1tica da \u00e1gua e os moradores precisam para atender as suas demandas, ir\u00e1 levar esse pleito ao coordenador DNOCS, como tamb\u00e9m, Ludmila e Gir\u00e3o, para resolver essa situa\u00e7\u00e3o. Pediu ao senhor Prefeito que olhasse com carinho a estrada do S\u00e3o Louren\u00e7o que precisa ser resolvida o quanto antes que esse problema n\u00e3o pode existir no munic\u00edpio. Disse que foi surpreendido pelo assessor do Deputado Gir\u00e3o, lhe informando que o vice-Prefeito Francisco Ubiracy, est\u00e1 tentando desfeita a emenda para o turismo, um absurdo, pois a emenda \u00e9 para a comunidade que merece ser cal\u00e7ada, o colega procure os seus Deputados e procure regular emenda para o turismo, pois o cal\u00e7amento da Santana n\u00e3o ir\u00e1 permitir, falou do curso de capacita\u00e7\u00e3o de derivados de leite que ir\u00e1 acontecer na comunidade de Santana irar contemplar 15 agricultores e \u00e9 assim que pretende ajudar todos da comunidade, agradeceu.<b> </b>O presidente da casa o Vereador<b> Marcos Aur\u00e9lio Alves de Morais; </b>cumprimentou os Vereadores, e iniciou falando de um assunto abordado pelo Vereador Hudemberg Rocha na sess\u00e3o passada sobre as receitas que estavam com dificuldades para receber, mas falou com a coordenadora Cristiane que lhe informou que foi implantado no munic\u00edpio criado pela m\u00e9dica Ticiane, um mutir\u00e3o sendo realizado todas as quintas feira no CONDICA para fazer esse atendimento, parabeniza o munic\u00edpio e Cristiane. Sobre as estradas vicinais precisa que o senhor Prefeito mande ser colocado um bom material para que as estradas fique com um bom estado. <b>Na Ordem</b> <b>do Dia:</b> Foi para vota\u00e7\u00e3o as <b>Indica\u00e7\u00f5es n\u00ba 073, 074, 075, 076, 077/2021;</b> dos Vereadores Evaldo Neres da Silva e M\u00e1rcio Rodrigo da Silva Morais, as mesmas foram aprovadas acompanhada do parecer da CLJRF. <b>Projeto de Lei n\u00ba</b> <b>013/2021;</b> Disp\u00f5e sobre autoriza\u00e7\u00e3o de credito adicional a Lei Or\u00e7ament\u00e1ria Anual do munic\u00edpio, o mesmo foi para vota\u00e7\u00e3o e aprovado por Vereadores presentes.<b> Parecer das Comiss\u00f5es</b> <b>de</b> <b>FOFGF e CLJRF ao</b> <b>Projeto de Lei n\u00ba 08/2021;</b> Disp\u00f5e sobre o plano plurianual do munic\u00edpio de Felipe Guerra/RN para o quadri\u00eanio 2022-2025, e da outras providencias, o mesmo foi aprovado por Vereadores presentes. <b>Na Hora da Comunidade:</b> Ningu\u00e9m se inscreveu. <b>Nas Explica\u00e7\u00f5es</b> <b>Pessoais:</b> Fizeram uso os Vereadores: <b>\u00a0Evaldo Neres da Silva e Marcos Aur\u00e9lio Alves de Morais. </b>O Presidente da casa agradeceu a presen\u00e7a de todos e como n\u00e3o havia mais nada para o momento a sess\u00e3o foi encerrada. Eu________2\u00ba secret\u00e1rio Interino transcrevi a presente ata que<b> </b>vai assinada por mim, pelo presidente e demais Vereadores presente na sess\u00e3o.</p>\r\n<p style=\"text-align: justify; \">\u00a0</p>\r\n<p style=\"text-align: right; \">Sala das Sess\u00f5es Vereador Domilson Cris\u00f3stomo da Silva. C\u00e2mara Municipal de Felipe Guerra/RN, em 07 de dezembro de 2021.</p>", "author_name": "", "version": "1.0", "author_url": "https://www.felipeguerra.rn.leg.br/author/feg", "provider_name": "C\u00e2mara Municipal de Felipe Guerra/RN ", "type": "rich"}