{"provider_url": "https://www.felipeguerra.rn.leg.br", "title": "Sess\u00e3o Ordin\u00e1ria", "html": "<p style=\"text-align: justify; \">Aos 14(quatorze) dias do m\u00eas de dezembro do ano de 2021 (dois mil e vinte e um), reuniram-se ordinariamente no pal\u00e1cio Vereador Joel Canela, sob a Presid\u00eancia do senhor Vereador<b> Marcos Aur\u00e9lio Alves de Morais; </b>que ao constatar a presen\u00e7a dos senhores Vereadores:<b> \u00a0Genilson Santana de Nogueira, Hudemberg Rocha de Oliveira, Evaldo Neres da Silva, Luiza Pereira da Costa Neta, M\u00e1rcio Rodrigo da Silva Morais, Paulo Guilherme Gurgel Cardoso, Pedro Alves Cabral Neto.</b> Ausente o Vereador <b>Max Iran de</b> <b>Morais. </b>O Presidente declara aberta a Sess\u00e3o convidando o segundo secret\u00e1rio Hudemberg Rocha de Oliveira para fazer a leitura da ata anterior que depois de lida foi aprovada por Vereadores presentes. <b>No Pequeno Expediente</b>: N\u00e3o houve mat\u00e9rias a serem lidas. <b>No Grande Expediente: </b>Fez uso da<b> </b>palavra. O Vereador<b> Evaldo Neres da Silva; </b>Cumprimentou o presidente, Vereadores, ouvintes que assistem pelas redes sociais, amigos Agnaldo e Valterlio sempre presentes. Usava a tribuna para informar que os kits da merenda escolar j\u00e1 chegaram, kits esses cobrado por sua pessoa, como tamb\u00e9m, pelo Vereador Hudemberg, e dizer que o secret\u00e1rio adquiriu 972 kits, sendo essas cobran\u00e7as gratificantes, pois obtiveram \u00eaxito para que os alunos possam receber, agradeceu a participa\u00e7\u00e3o. O Vereador<b> Marcio Rodrigo da Silva Morais;</b> cumprimentou os Vereadores amigos de bancada, advogado Assuero, Irm\u00e3ozinho, Agnaldo sempre presentes na casa, e os ouvintes que acompanham pela FM Boas novas e folha potiguar, agradecer aqueles que fazem a cobertura da sess\u00e3o. Falou da satisfa\u00e7\u00e3o das duas emendas da Deputada Carla Dickson que chegar\u00e1 ao munic\u00edpio antes do dia 31 de dezembro para aquisi\u00e7\u00e3o de uma ambul\u00e2ncia semi UTI, n\u00e3o veio ainda pois a ministra barrou, mas que chegar\u00e1, na emenda tamb\u00e9m est\u00e1 a restaura\u00e7\u00e3o do col\u00e9gio Jos\u00e9 do Patroc\u00ednio Barra que ser\u00e1 uma conquista para os mun\u00edcipes, agradecia a Deputada por essas disponibilidades atrav\u00e9s do gabinete de M\u00e1rcio vereador. Parabenizou o gestor e sua equipe pela ilumina\u00e7\u00e3o da cidade. Pediu a secret\u00e1ria de obras para recapear os paralelos soltos na avenida para evitar poss\u00edveis acidentes. Agradeceu a oportunidade. O Vereador <b>Pedro Alves Cabral Neto;</b> cumprimentou os Vereadores, funcion\u00e1rios da casa, amigo Assuero e todos que acompanham pelas redes sociais. Iniciou falando sobre a barragem assunto esse que falar\u00e1 todas as vezes que usar a tribuna, pois a empresa VITAMAIS, tirou a agua dali e n\u00e3o rep\u00f4s, e ali vis\u00edvel constatado por pescadores a mortandade de v\u00e1rios peixes. Parabenizou a secret\u00e1ria de sa\u00fade Jaqueline Gurgel, e o secret\u00e1rio de obras Tronco, em fim todos os secret\u00e1rios mas n\u00e3o v\u00ea o esfor\u00e7o do secret\u00e1rio de agricultura. Parabenizou o Prefeito Salom\u00e3o Gomes, pela ilumina\u00e7\u00e3o da cidade. Sugeriu para que juntos fizessem uma visita nas obras feitas no munic\u00edpio. Falou sobre os festejos de final de ano que acontecer\u00e1 pedindo para que todos tenham os devidos cuidados. Agradeceu a participa\u00e7\u00e3o. O Vereador<b> Marcos Aur\u00e9lio Alves de Morais; </b>Iniciou agradecendo a presen\u00e7a de todos os colegas, parabenizou o Vereador M\u00e1rcio Rodrigo pela luta de trazer emendas para o munic\u00edpio, pois as dificuldades s\u00e3o grandes. Falou da emenda do Senador Styvison que foi estruturado todo o hospital com equipamentos novos, como tamb\u00e9m, a aquisi\u00e7\u00e3o um novo ve\u00edculo para suprir as necessidades do hospital. Disse que desde que Salom\u00e3o Gomes assumiu como prefeito municipal v\u00ea os avan\u00e7os e as emendas vem como grande ajuda, como veio tamb\u00e9m emenda do Deputado Jo\u00e3o Maia, mais de dois milh\u00f5es destinada a sa\u00fade e educa\u00e7\u00e3o; emenda de Gir\u00e3o para pavimenta\u00e7\u00e3o de Santana atrav\u00e9s do Vereador Max Morais, emenda de Walter Alves de 250 mil atendendo ao pedido de Dr. Bernardo para investir em cal\u00e7amentos. Emenda de 100 mil reais do Deputado George Soares luta do Vereador Genilson Santana, e essas lutas s\u00e3o para melhorar o munic\u00edpio de Felipe Guerra. Falou que Salom\u00e3o Gomes est\u00e1 na luta com seriedade e n\u00e3o para de agradecer o empenho e uni\u00e3o da C\u00e2mara Municipal, pois Felipe Guerra s\u00f3 tem a ganhar. Falou do FGPREV, que conseguiu pagar os atrasados e hoje a administra\u00e7\u00e3o com responsabilidade est\u00e1 pagando, pois estava faltando gest\u00e3o. Sobre os festejos disse que Felipe Guerra ter\u00e1 um grande final de ano com grandes bandas e que tudo corra bem, agradeceu sua participa\u00e7\u00e3o. <b>Na Ordem</b> <b>do Dia:</b> Foi para vota\u00e7\u00e3o o <b>Projeto de Lei</b> <b>n\u00ba 009/2021;</b> que Estima a receita e fixa as despesas para o exerc\u00edcio financeiro de 2022 para o munic\u00edpio de Felipe Guerra/RN, Estado do Rio Grande do Norte e da outras provid\u00eancias. Acompanhado dos pareceres das comiss\u00f5es de Legisla\u00e7\u00e3o Justi\u00e7a e Reda\u00e7\u00e3o final e Comiss\u00e3o de Finan\u00e7as Or\u00e7amento e Fiscaliza\u00e7\u00e3o da gest\u00e3o Financeira, foi para vota\u00e7\u00e3o e aprovado por Vereadores presentes. <b>Na Hora da Comunidade:</b> Ningu\u00e9m se inscreveu. <b>Nas Explica\u00e7\u00f5es</b> <b>Pessoais:</b> Fizeram uso os Vereadores: <b>\u00a0M\u00e1rcio Rodrigo da Silva Morais, Evaldo Neres da Silva e Marcos Aur\u00e9lio Alves de Morais. </b>O Presidente da casa agradeceu a presen\u00e7a de todos e como n\u00e3o havia mais nada para o momento a sess\u00e3o foi encerrada. Eu________2\u00ba secret\u00e1rio transcrevi a ata que<b> </b>vai assinada por mim, pelo presidente e demais Vereadores presentes na sess\u00e3o.</p>\r\n<p style=\"text-align: justify; \">\u00a0</p>\r\n<p style=\"text-align: right; \">Sala das Sess\u00f5es Vereador Domilson Cris\u00f3stomo da Silva. C\u00e2mara Municipal de Felipe Guerra/RN, em 14 de dezembro de 2021.</p>", "author_name": "", "version": "1.0", "author_url": "https://www.felipeguerra.rn.leg.br/author/feg", "provider_name": "C\u00e2mara Municipal de Felipe Guerra/RN ", "type": "rich"}