{"provider_url": "https://www.felipeguerra.rn.leg.br", "title": "SESS\u00c3O ORDIN\u00c1RIA ", "html": "<p style=\"text-align: justify; \">Aos 15 (dias) do m\u00eas de fevereiro do ano de 2022 (dois mil e vinte e dois), reuniram-se ordinariamente no pal\u00e1cio Vereador Joel Canela de Oliveira, sob a Presid\u00eancia do senhor Vereador<b> Marcos Aur\u00e9lio Alves de Morais; </b>que ao constatar a presen\u00e7a dos senhores Vereadores:<b> Evaldo Neres da Silva, Luiza Pereira da Costa Neta, M\u00e1rcio Rodrigo da Silva Morais, Max Iran de Morais, Pedro Alves Cabral Neto.</b> Ausente:<b> Genilson Santana de Nogueira, Hudemberg Rocha de Oliveira, Paulo Guilherme Gurgel Cardoso.</b> O Presidente declara aberta a sess\u00e3o. Em seguida o presidente convida o Vereador Max Iran de Morais para fazer parte da mesa na aus\u00eancia do segundo secret\u00e1rio Hudemberg Rocha de Oliveira, e em seguida convida a fazer para leitura da ata anterior que depois de lida foi aprovada por Vereadores presentes. <b>No Pequeno Expediente</b>: Foram lidas as mat\u00e9rias em pauta: <b>Indica\u00e7\u00e3o n\u00ba 01, 02/2022</b> dos vereadores: Evaldo Neres da Silva e M\u00e1rcio Rodrigo da Silva Morais. <b>No Grande Expediente: </b>Usou a<b> </b>palavra o Vereador<b> Evaldo Neres da Silva;</b> cumprimentou o presidente, Vereadores, funcion\u00e1rios da casa, e em nome de Emerson, saudava a plateia presente e todos que acompanhavam pelas redes sociais. Falou sobre a falta de ilumina\u00e7\u00e3o p\u00fablica na comunidade de Passagem Funda, onde v\u00e1rios populares lhe procuraram pedindo solu\u00e7\u00e3o, foi a secretaria de obras para resolver essa situa\u00e7\u00e3o e nada foi feito. Falou sobre v\u00e1rias Indica\u00e7\u00f5es destinadas para secretaria de obras e poucas foram solucionadas, mas n\u00e3o se cansava de cobrar do secret\u00e1rio Paulo Cezar, para que esses problemas sejam solucionados, agradeceu sua fala. O Vereador<b> M\u00e1rcio Rodrigo da Silva Morais;</b> cumprimentou os Vereadores e amigos de bancada, em nome do sindicalista Duquinha saudava a plateia. Suas palavras era em nome dos moradores do conjunto Maria de Lourdes, pedindo solu\u00e7\u00e3o para uma terra planagem naquele local, pois o acesso em per\u00edodo de chuvas fica dif\u00edcil trafegar. Como falou o Vereador Evaldo tem muitas Indica\u00e7\u00f5es naquela secretaria que n\u00e3o foram atendidas, lembrando uma que solicitou pedindo as tampas de calhas para tapar um buraco na Avenida M\u00e3e Gonzaga que precisa urgente. Falou da visita de Pedro Cabral a secretaria de agricultura, e na oportunidade indagou sobre o veterin\u00e1rio do munic\u00edpio e o matadouro falando sobre a sujeira, pintura e higieniza\u00e7\u00e3o. Disse que esteve com o chefe da Vita Mais, levando a proposta para a restaura\u00e7\u00e3o da parede da barragem, e ele disse que estava pronto para fazer parceria com o munic\u00edpio, agradecendo sua fala. O Vereador<b> Max Iran de Morais; </b>cumprimentou o presidente, Vereadores, internautas que acompanham pelas redes sociais e amigos sempre presente e os funcion\u00e1rios da casa. Iniciou registrando o falecimento de \u201cPinduca\u201d,<b> </b>pai das empresarias Evandra, Elaine e Evanilka, que geram emprego e renda no munic\u00edpio que Deus conforte toda fam\u00edlia. Se solidarizou com os colegas Genilson e Hudemberg pelo falecimento de uma conterr\u00e2nea daquela comunidade. Registrou as cobran\u00e7as que fez ao Prefeito Salom\u00e3o Gomes, a respeito de algumas quest\u00f5es no Munic\u00edpio, pois o papel do Vereador \u00e9 fiscalizar e cobrar e sugerir melhorias para o povo da terra, pediu para que ele veja com bons olhos as obras inacabadas no Munic\u00edpio citando exemplo da quadra do Tabuleiro, a parede dos Caldeir\u00f5es de Santana. Deixava a mensagem ao secret\u00e1rio M\u00e1rcio por sua compet\u00eancia no esporte do munic\u00edpio. Falou do cal\u00e7amento de Santana, e uma boa parte do Tabuleiro e Boqueir\u00e3o que ser\u00e1 um marco na hist\u00f3ria do munic\u00edpio. Disse que aprendeu que um Vereador n\u00e3o precisa ser oposi\u00e7\u00e3o na C\u00e2mara para agradar bases eleitorais e sim trabalhar e ter legado para sua comunidade e seu bairro, o seu mandato \u00e9 para trabalhar agradeceu sua fala.<b> </b>O Vereador<b> Pedro Alves Cabral Neto; </b>cumprimentou o presidente, Vereadores, funcion\u00e1rios da casa e todos que acompanham pelas redes sociais e em nome de Naldo, saudava a plateia. Iniciou falando<b> </b>do convite para participar de uma reuni\u00e3o na secretaria de agricultura, cobrando sobre os cortes de terra, e matadouro, todas as cobran\u00e7as que faz aqui no plen\u00e1rio levou ao secret\u00e1rio, disse que foi eleito para cobrar e ningu\u00e9m ir\u00e1 calar sua raz\u00e3o, pois n\u00e3o continuar\u00e1 errando como fez no passado. Disse que continuar\u00e1 cobrando as coisas pertinentes para o munic\u00edpio, e pediu respeito. O Vereador <b>Marcos Aur\u00e9lio Alves de Morais; </b>Iniciou agradecendo a presen\u00e7a de todos, Falou que est\u00e3o legitimados para fazer cobran\u00e7as, reivindicar e para ser feito, pois est\u00e3o na casa para cobrar. Dizer que essa \u00e9 uma das legislaturas que tem mais harmonia na gest\u00e3o e todos cobram, disse que o gestor da todas as condi\u00e7\u00f5es para que os secret\u00e1rios trabalhem e tem que continuarem cobrando, pois essas cobran\u00e7as \u00e9 para contribuir para que a gest\u00e3o continue melhor. Falou da visita do IBGE na casa com a presen\u00e7a dos Vereadores, e em setembro dar\u00e1 in\u00edcio ao censo, falou da quest\u00e3o dos territ\u00f3rios que \u00e9 uma luta, pois o munic\u00edpio tem perdido fronteiras, comentou das 600 horas de trator que ter\u00e1 in\u00edcio segunda feira, falou da visita do COREN, ao qual homenageou a unidade integrada de sa\u00fade Dr.Elison Gurgel do Amaral, a 1\u00ba visita Federal e pela 1\u00ba vez\u00a0 no munic\u00edpio, n\u00e3o teve\u00a0 notifica\u00e7\u00e3o em caso de irregularidade, parabenizou o governo municipal, parabenizou Thais, Jackeline e toda equipe da sa\u00fade pelo trabalho realizado no munic\u00edpio, disse que o munic\u00edpio tem uma taxa dos menores em termos de doen\u00e7as dengue e chicongunha, parabenizando os agentes de endemias pelo trabalho, agradecendo a todos.\u00a0 <b>Na Ordem</b> <b>do Dia:</b> N\u00e3o houve mat\u00e9rias para vota\u00e7\u00e3o. <b>Na Hora da Comunidade:</b> N\u00e3o houve inscritos. <b>Nas Explica\u00e7\u00f5es Pessoais:</b> fizeram uso da palavra os Vereadores: <b>Evaldo Neres da</b> <b>Silva, M\u00e1rcio Rodrigo da Silva Morais, Pedro Alves Cabral Neto, Marcos Aur\u00e9lio Alves de Morais. </b>O Presidente da casa agradeceu a presen\u00e7a de todos, e como n\u00e3o havia mais nada para o momento a sess\u00e3o foi encerrada. Eu________2\u00ba secret\u00e1rio Interino, transcrevi a presente ata que<b> </b>vai assinada por mim, pelo presidente e demais Vereadores presentes na sess\u00e3o.</p>\r\n<p style=\"text-align: right; \">\u00a0</p>\r\n<p style=\"text-align: right; \">Sala das Sess\u00f5es Vereador Domilson Cris\u00f3stomo da Silva. C\u00e2mara Municipal de Felipe Guerra/RN, em 15 de Fevereiro de 2022.</p>", "author_name": "", "version": "1.0", "author_url": "https://www.felipeguerra.rn.leg.br/author/feg", "provider_name": "C\u00e2mara Municipal de Felipe Guerra/RN ", "type": "rich"}