{"provider_url": "https://www.felipeguerra.rn.leg.br", "title": "Sess\u00e3o Ordin\u00e1ria", "html": "<p style=\"text-align: justify; \">Aos 29 (dias), do m\u00eas de mar\u00e7o do ano de 2022 (dois mil e vinte e dois), reuniram-se ordinariamente no pal\u00e1cio Vereador Joel Canela de Oliveira, sob a presid\u00eancia do senhor Vereador<b> Marcos Aur\u00e9lio Alves de Morais, </b>que ao constatar a presen\u00e7a dos senhores Vereadores:<b> Evaldo Neres da Silva, Hudemberg Rocha de Oliveira, Luiza Pereira da Costa Neta, M\u00e1rcio Rodrigo da Silva Morais, Pedro Alves Cabral Neto,</b> <b>Paulo Guilherme Gurgel Cardoso. Ausente os vereadores: Genilson Santana de Nogueira e Max Iran de Morais. </b>\u00a0O Presidente declara aberta a Sess\u00e3o. Convidando o primeiro secret\u00e1rio Vereador Hudemberg Rocha de Oliveira, para fazer a leitura da ata anterior que depois de lida foi aprovada por Vereadores presentes. <b>No Pequeno Expediente</b>: Foram lidas as mat\u00e9rias em pauta: <b>Indica\u00e7\u00f5es n \u00ba 11/2022 e 12/2022</b>; dos Vereadores Evaldo Neres da Silva, Marcos Aur\u00e9lio Alves de Morais. <b>No Grande Expediente: </b>Fez uso da<b> </b>palavra o Vereador Evaldo Neres da Silva, cumprimentou o presidente, Vereadores, Vereadora, plateia presente, ouvintes que acompanhavam atrav\u00e9s das redes sociais. Usava a tribuna para informar que esteve visitando algumas ruas de nossa cidade e observou o trabalho sendo feito pela secretaria de obras, onde solicitou atrav\u00e9s de Indica\u00e7\u00e3o e foi atendido, o conserto de buracos e algumas lumin\u00e1rias faltando. Parabenizou a subsecret\u00e1ria Gilcelia Lira pela agilidade no seu trabalho. Parabenizou o secret\u00e1rio M\u00e1rcio Diego pelo trabalho que vem realizando em sua pasta, exemplificando a copa realizada em nome de J\u00fanior Leite, jovem que perdeu a vida em raz\u00e3o da COVID- 19. Parabenizou todos os secret\u00e1rios que vem desenvolvendo o trabalho em prol do munic\u00edpio, agradeceu sua fala. O Vereador Hudemberg Rocha de Oliveira, cumprimentou todos os presentes. Parabenizou o secret\u00e1rio de esportes M\u00e1rcio Diego pela realiza\u00e7\u00e3o do futebol de areia na comunidade de Tabuleiro, parabenizando ainda todos os envolvidos e os que participaram do evento. Fez cr\u00edticas sobre algumas lumin\u00e1rias que est\u00e3o sem reposi\u00e7\u00e3o na comunidade de Arapu\u00e1, precisando desse servi\u00e7o, pois existem mais de 20 l\u00e2mpadas em falta. Parabenizou o servi\u00e7o feito na comunidade de S\u00e3o Louren\u00e7o, pois \u00e9 muito bom ver as coisas funcionarem. Falou da import\u00e2ncia de visitar as comunidades falando da situa\u00e7\u00e3o do Sitio C\u00f3rrego, onde lamenta, pois uma ambul\u00e2ncia n\u00e3o poder chegar para socorrer um idoso devido o acesso da estrada estar intrafeg\u00e1vel. Disse que o governo est\u00e1 avan\u00e7ando mas existem coisas que precisam ser melhoradas, por isso essas cr\u00edticas construtivas para melhorar, pois todos tem os direitos iguais, agradeceu a participa\u00e7\u00e3o. O Vereador Marcos Aur\u00e9lio Alves Morais; cumprimentou os Vereadores, os felipenses que est\u00e3o acompanhando a sess\u00e3o pelas redes sociais, agradecendo a Deus pela oportunidade de estar na casa e pelas chuvas recebidas na regi\u00e3o e em Felipe Guerra. Usava a tribuna para pontuar o acompanhamento do atendimento do PSF na comunidade do Tabuleiro e no Boqueir\u00e3o. Falou sobre a Indica\u00e7\u00e3o que fez ao Poder Executivo sugerindo que o antigo col\u00e9gio do Boqueir\u00e3o fosse reformado para que os alunos possam ser transferido para aquele local devido a aglomera\u00e7\u00e3o, pois existe alunos de faixa et\u00e1ria diferente e que isso vem dificultando o aprendizado, e sugerindo que o atual col\u00e9gio passe a ser utilizado como posto de sa\u00fade para atender melhor aquela comunidade, e solicitando colocar a internet nos pontos de apoio para o atendimento. Pediu a secret\u00e1ria obras para tomar providencias a respeito do lix\u00e3o da Santana. Tomar providencias na estrada que d\u00e1 acesso a comunidade de Santana, colocando material refor\u00e7ado para ficar um servi\u00e7o bem feito e n\u00e3o haver desgaste. Agradeceu sua participa\u00e7\u00e3o. O Vereador M\u00e1rcio Rodrigo da Silva Morais, cumprimentou os Vereadores, amigos de bancada e todos que acompanham em casa atrav\u00e9s das redes sociais. Iniciou falando do inverno que traz coisas boas e causa tamb\u00e9m alguns transtornos, tem recebido reclama\u00e7\u00f5es de v\u00e1rias pessoas sobre o lama\u00e7al em algumas ruas.<b> </b>Comentou sobre os tratores e v\u00e1rias maquinas quebradas, dizendo que o munic\u00edpio precisa se organizar em fazer licita\u00e7\u00f5es para que o acesso das ruas passe a melhorar. Falou sobre Indica\u00e7\u00f5es que j\u00e1 foram feitas sobre o col\u00e9gio da comunidade de Fazenda nova e comunidade de Brejo, que poder\u00e1 servir de posto de sa\u00fade, isso se fizer a transfer\u00eancia de poucos alunos que ali estudam. Parabenizou Evaldo Neres por ter sido atendido em sua Indica\u00e7\u00e3o, como tamb\u00e9m, ser\u00e1 atendido breve em Indica\u00e7\u00e3o de sua autoria o cal\u00e7amento do conjunto Maria de Lourdes, parabenizou o gestor em parceria com o gestor de Apodi por terem providenciado a passagem molhada que d\u00e1 acesso a S\u00e3o Louren\u00e7o e Pindoba. Pediu ao Prefeito para ver com bons olhos as Indica\u00e7\u00f5es do Poder Legislativo, pois quem ganha \u00e9 a popula\u00e7\u00e3o.<b> Na Ordem</b> <b>do Dia: </b>N\u00e3o houve mat\u00e9rias para vota\u00e7\u00e3o.<b> Na Hora da Comunidade:</b> N\u00e3o houve inscritos. <b>Nas Explica\u00e7\u00f5es Pessoais:</b> Fizeram uso os Vereadores <b>M\u00e1rcio Rodrigo da Silva Morais, Marcos Aur\u00e9lio Alves de Morais. </b>O Presidente da casa Marcos Aur\u00e9lio Alves de Morais, agradeceu a presen\u00e7a de todos e como n\u00e3o havia mais nada para o momento a sess\u00e3o foi encerrada. Eu____________2\u00ba secret\u00e1rio Interino transcrevi a presente ata que<b> </b>vai assinada por mim, pelo presidente e demais Vereadores presentes na sess\u00e3o.</p>\r\n<p style=\"text-align: justify; \">\u00a0</p>\r\n<p style=\"text-align: right; \">Sala das Sess\u00f5es Vereador Domilson Cris\u00f3stomo da Silva. C\u00e2mara Municipal de Felipe Guerra/RN, em 29 de Mar\u00e7o de 2022.</p>", "author_name": "", "version": "1.0", "author_url": "https://www.felipeguerra.rn.leg.br/author/feg", "provider_name": "C\u00e2mara Municipal de Felipe Guerra/RN ", "type": "rich"}