{"provider_url": "https://www.felipeguerra.rn.leg.br", "title": "Sess\u00e3o Especial", "html": "<p class=\"MsoNormal\" style=\"text-align:\r\njustify; \"><span>Ao 1\u00ba (primeiro) dia do m\u00eas de janeiro de 2017 (dois mil e dezessete), reuniram-se os vereadores rec\u00e9m empossados da Mesa Diretora que ao constatar a presen\u00e7a dos vereadores; Ronaldo Luciano da Costa, Marcos Aur\u00e9lio Alves de Morais, Francisco Ubiracy Feitosa pascoal, Francisco Canind\u00e9 de Menezes. Ausentes; J\u00e2nio Nilson da Silveira Barra, Max Iran de Morais, Djalma Laurindo da Silva J\u00fanior e Genilson Santana de Nogueira. O Presidente solicitou do Vereador reeleito Francisco Ubiracy Feitosa Pascoal para conduzir o Prefeito reeleito Haroldo Ferreira de Morais, com a sua esposa Josefa Girlene Ferreira e o Vice-Prefeito, Salom\u00e3o Gomes de Oliveira, acompanhado de sua esposa Maria de F\u00e1tima Silva, que entraram no recinto ovacionados pela presen\u00e7a de grande n\u00famero de simpatizantes. Dando continuidade o Presidente da C\u00e2mara Pedro Alves Cabral Neto convidou o Prefeito reeleito Haroldo Ferreira de Morais e o Vice-Prefeito, Salom\u00e3o Gomes de Oliveira para fazerem o juramento na forma regimental do termo de posse com a m\u00e3o estendida a frente um de cada vez. Assim pronunciaram: \u201cPrometo exercer com dedica\u00e7\u00e3o e lealdade o meu mandato respeitando as Leis e as institui\u00e7\u00f5e<span>s</span>, promovendo o bem geral dos mun\u00edcipes e pugnando pela manuten\u00e7\u00e3o da democracia. \u201d Assim Prometo\u201d. Depois de feito o juramento o Presidente Pedro Alves Cabral Neto declarou empossado o Senhor Haroldo Ferreira de Morais como Prefeito e Salom\u00e3o Gomes de Oliveira como Vice-Prefeito para o quadri\u00eanio de 2017 a 2020. Fizeram uso da palavra o vereador Francisco Ubiracy Feitosa e o Vice-Prefeito Salom\u00e3o Gomes de Oliveira e o Prefeito Haroldo Ferreira de Morais e o Presidente depois das explana\u00e7\u00f5es o Presidente deu por encerrado os trabalhos agradecendo a oportunidade de presidir o legislativo o que far\u00e1 com zelo e mandou transcrever a seguinte ata que segue assinada por mim que secretariei os trabalhos, pelo Presidente e por todos os presentes na sede do Poder Legislativo, localizado na Avenida Mira Selva n\u00ba 330, cidade Alta Felipe Guerra-RN.</span></p>\r\n<p align=\"right\" class=\"MsoNormal\" style=\"text-align:right; \"><span>\u00a0</span></p>\r\n<p align=\"right\" class=\"MsoNormal\" style=\"text-align:right; \"><span>Felipe Guerra/RN, 1\u00ba de janeiro de 2017.</span></p>\r\n<p align=\"right\" class=\"MsoNormal\" style=\"text-align:right; \"><span>\u00a0</span></p>\r\n<p align=\"right\" class=\"MsoNormal\" style=\"text-align:right; \"><span><br /></span></p>\r\n<p class=\"MsoNormal\" style=\"text-align:\r\njustify; \"><strong><span>Pedro Alves Cabral Neto \u2013 Vereador/Presidente \u2013 P. Solidariedade</span></strong></p>\r\n<p class=\"MsoNormal\" style=\"text-align:\r\njustify; \"><strong><span>\u00a0</span></strong></p>\r\n<p class=\"MsoNormal\" style=\"text-align:\r\njustify; \"><strong><span>Ronaldo Luciano da Costa \u2013 Vereador/Vice-Presidente \u2013 PSB</span></strong></p>\r\n<p class=\"MsoNormal\" style=\"text-align:\r\njustify; \"><strong><span>\u00a0</span></strong></p>\r\n<p class=\"MsoNormal\" style=\"text-align:\r\njustify; \"><strong><span>Marcos Aur\u00e9lio Alves de Morais \u2013 Vereador/1\u00ba Secret\u00e1rio \u2013 PHS</span></strong></p>\r\n<p class=\"MsoNormal\" style=\"text-align:\r\njustify; \"><strong><span>\u00a0</span></strong></p>\r\n<p class=\"MsoNormal\" style=\"text-align:\r\njustify; \"><strong><span>Francisco Canind\u00e9 de Menezes \u2013 Vereador/2\u00ba Secret\u00e1rio \u2013 PSDB</span></strong></p>\r\n<p class=\"MsoNormal\" style=\"text-align:\r\njustify; \"><strong><span>\u00a0</span></strong></p>\r\n<p class=\"MsoNormal\" style=\"text-align:\r\njustify; \"><strong><span>Francisco Ubiracy Feitoza Pascoal \u2013 Vereador \u2013 PR</span></strong></p>\r\n<p class=\"MsoNormal\" style=\"text-align:\r\njustify; \"><strong><span>\u00a0</span></strong></p>\r\n<p class=\"MsoNormal\" style=\"text-align:\r\njustify; \"><strong><span>Haroldo Ferreira de Morais \u2013 Prefeito \u2013 PSB</span></strong></p>\r\n<p class=\"MsoNormal\" style=\"text-align:\r\njustify; \"><strong><span>\u00a0</span></strong></p>\r\n<p class=\"MsoNormal\" style=\"text-align:\r\njustify; \"><strong><span></span></strong><strong>Salom\u00e3o Gomes de Oliveira \u2013 Vice-Prefeito \u2013 PR</strong><b>\u00a0 \u00a0</b></p>\r\n<p class=\"MsoNormal\" style=\"text-align:\r\njustify; \"><b><span>\u00a0</span></b></p>\r\n<p>\u00a0</p>\r\n<p class=\"MsoNormal\" style=\"text-align:\r\njustify; \"><b><span>\u00a0</span></b></p>", "author_name": "", "version": "1.0", "author_url": "https://www.felipeguerra.rn.leg.br/author/feg", "provider_name": "C\u00e2mara Municipal de Felipe Guerra/RN ", "type": "rich"}