{"provider_url": "https://www.felipeguerra.rn.leg.br", "title": "Sess\u00e3o Especial", "html": "<p style=\"text-align: justify; \">Aos 29 vinte e nove dias do m\u00eas de novembro do ano de 2017 (dois mil e dezessete), reuniu-se em Sess\u00e3o Especial no Pal\u00e1cio Vereador Joel Canela, para instala\u00e7\u00e3o da frente parlamentar em defesa dos direitos da crian\u00e7a e do adolescente. Presen\u00e7a do Presidente da C\u00e2mara Municipal o senhor Vereador <b>Pedro Alves Cabral Neto, </b>juntamente com os Vereadores: <b>Djalma Laurindo da Silva Junior, Francisco Ubiracy Feitosa Pascoal, Genilson Santana de Nogueira, J\u00e2nio Nilson Silveira Barra, Marcos Aur\u00e9lio Alves de Morais, Max Iram de Morais, Ronaldo Luciano da Costa.</b> O Presidente da casa convida para fazer parte da mesa o <b>Consultor da Funda\u00e7\u00e3o</b> <b>Abrigo, o senhor Carlos Delc\u00eddio</b>, <b>vice-Prefeito Salom\u00e3o Gomes</b> <b>de</b> <b>Oliveira,</b> <b>Secret\u00e1ria de Assist\u00eancia Social a senhora Fatima Maia,</b> <b>Presidenta do CONDICA, Elisangela</b> <b>Morais</b>, <b>Assist\u00eancia Social Dr.</b> <b>Jo\u00e3o Val\u00e9rio.</b> Em seguida foram convidados para serem empossados os senhores Vereadores:<b> Francisco Ubiracy Feitosa Pascoal, Max Iram de Morais, J\u00e2nio Nilson Silveira Barra, </b>prestando o seguinte juramento: Prometo exercer minhas fun\u00e7\u00f5es como membro da Frente Parlamentar na defesa da crian\u00e7a e do adolescente com honra e respeitando as Leis, assim prometo; ficando empossados os Vereadores. Em seguida fez uso da palavra o Vereador Francisco Ubiracy, cumprimentou os presentes e disse que a partir que come\u00e7ou a frequentar a reuni\u00e3o da UVERN (Uni\u00e3o dos vereadores do Rio Grande do Norte), percebeu a import\u00e2ncia das cidades e dos projetos das cidades. Fez um relato sobre a import\u00e2ncia desse projeto. Registrou a presen\u00e7a dos Vereadores de Apodi: Charton R\u00eago e Gilvan Alves, e encerrou sua participa\u00e7\u00e3o. <b>O Vice-Prefeito Salom\u00e3o</b> <b>Gomes de Oliveira,</b> cumprimentou os membros da casa e parabenizou a C\u00e2mara pela iniciativa de instalar a frente parlamentar em defesa dos direitos da crian\u00e7a e do adolescente. Era uma satisfa\u00e7\u00e3o estar na casa e agradecia pelo convite. Falou que tinha uma legisla\u00e7\u00e3o que trata dos direitos da crian\u00e7a e do adolescente, mas que era preciso garantir esses direitos, pois, tem a participa\u00e7\u00e3o de v\u00e1rios segmentos e esta era a luta para que esses direitos venham ser assegurados. Em nome do Prefeito parabenizava a casa com a certeza que tem uma grande responsabilidade com a sociedade de Felipe Guerra e que os poderes v\u00e3o colocar em pratica para que esses direitos sejam garantidos e efetuados. <b>F\u00e1tima Mota, </b>cumprimentou os Vereadores atrav\u00e9s da presid\u00eancia da casa Pedro Alves, secret\u00e1rios, Vereadores de Apodi, vice-Prefeito Salom\u00e3o, presidenta do CONDICA Elisangela. Disse ser uma satisfa\u00e7\u00e3o est\u00e1 na casa para a sess\u00e3o de instala\u00e7\u00e3o da frente parlamentar em defesa dos direitos da crian\u00e7a e do adolescente. Lembrou que, tudo que a secretaria de assist\u00eancia social fazia tinha a participa\u00e7\u00e3o do social com m\u00e9rito em gest\u00e3o, n\u00e3o sendo poss\u00edvel fazer sem a participa\u00e7\u00e3o do social e com organiza\u00e7\u00f5es comprometidas com a causa. Fez um relato falando dos direitos da crian\u00e7a e do adolescente, agradeceu a Deus e a todos pelo momento. <b>O Vereador de Apodi Gilvan Alves,</b> cumprimentou o presidente da casa, vice-Prefeito e Vereadores, demais presentes.<b> </b>\u00a0\u00a0Disse ser uma satisfa\u00e7\u00e3o para os Vereadores de Apodi estar na C\u00e2mara Municipal de Felipe Guerra presenciando o momento da forma\u00e7\u00e3o da frente parlamentar, por ser oficial de justi\u00e7a sempre presenciou esses momentos sobre as causas envolvendo as crian\u00e7as e adolescentes. Parabenizava a todos pela iniciativa e se precisassem poderiam contar com o apoio da C\u00e2mara Municipal de Apodi, estava muito feliz por compartilhar esse momento. <b>A Presidenta do COMDICA Elisangela,</b> cumprimentou os Vereadores e demais presentes. Disse ser uma satisfa\u00e7\u00e3o estar presenciando esse momento da cria\u00e7\u00e3o da frente parlamentar no Munic\u00edpio, falou que j\u00e1 houve outras Audi\u00eancias e a C\u00e2mara estava sempre voltada no mesmo objetivo que \u00e9 os direitos da crian\u00e7a e do adolescente. Agradecia com a certeza que a frente parlamentar iria contribuir muito para o Munic\u00edpio, agradecia a todos por caminharem juntos. <b>Carlos Delcidio,</b> cumprimentou as pessoas presentes e falou da receptividade dos felipenses e ficava muito feliz com a movimenta\u00e7\u00e3o dos Vereadores em estabelecer e preservar os direitos da crian\u00e7a e do adolescente. Fez alguns esclarecimentos e encerrou sua participa\u00e7\u00e3o.<b> </b>O Presidente da casa agradeceu a presen\u00e7a dos colegas Vereadores de Apodi e de todos que participaram da audi\u00eancia e como n\u00e3o havia mais nada para o momento a sess\u00e3o foi encerrada.</p>\r\n<p style=\"text-align: right; \">Sala das Sess\u00f5es Vereador Domilson Cris\u00f3stomo da silva, C\u00e2mara Municipal de Felipe Guerra/RN, em 29 de novembro de 2017.</p>", "author_name": "", "version": "1.0", "author_url": "https://www.felipeguerra.rn.leg.br/author/feg", "provider_name": "C\u00e2mara Municipal de Felipe Guerra/RN ", "type": "rich"}