{"provider_url": "https://www.felipeguerra.rn.leg.br", "title": "Sess\u00e3o Extraordinaria", "html": "<p style=\"text-align: center; \"><b>1\u00ba SESS\u00c3O</b></p>\r\n<p style=\"text-align: justify; \">\u00a0</p>\r\n<p style=\"text-align: justify; \">Aos 18 dias do m\u00eas de julho do ano de 2019 (dois mil e dezenove), reuniram-se extraordinariamente no pal\u00e1cio Vereador Joel Canela, \u00e0s 20:00 horas, sob a Presid\u00eancia do senhor Vereador <b>Ronaldo Luciano da Costa, </b>que ao constatar a presen\u00e7a dos senhores Vereadores: <b>Djalma Laurindo da Silva Junior, Francisco Canind\u00e9 de Menezes, Francisco Ubiracy Feitosa Pascoal, Genilson Santana de Nogueira, J\u00e2nio Nilson Silveira Barra, Marcos Aur\u00e9lio Alves de Morais, Max Iran de Morais, Pedro Alves Cabral Neto. </b>O Presidente declara aberta a sess\u00e3o. <b>No Pequeno Expediente</b>: Foi lido o <b>Projeto de Lei n\u00ba 007/2019 GP</b>, Ementa: disp\u00f5e sobre autoriza\u00e7\u00e3o para abertura de cr\u00e9dito adicional especial \u00e0 Lei or\u00e7ament\u00e1ria anual do Munic\u00edpio, e da outras providencias. <b>No Grande Expediente:</b> Nenhum Vereador fez uso da palavra. <b>Na Ordem do Dia: </b>N\u00e3o houve mat\u00e9rias para vota\u00e7\u00e3o. <b>Na Hora</b> <b>da Comunidade:</b> N\u00e3o houve inscritos. \u00a0<b>Nas Explica\u00e7\u00f5es Pessoais: </b>Nenhum Vereador<b> </b>fez uso da palavra. E como n\u00e3o havia mais nada para o momento, a sess\u00e3o foi encerrada. Eu________2\u00ba secret\u00e1rio, transcrevi a presente ata, que<b> </b>vai assinada por mim, pelo presidente, e demais Vereadores presentes.</p>\r\n<p style=\"text-align: justify; \"><span style=\"text-align: right; \"><br /></span></p>\r\n<p style=\"text-align: center; \"><b>2\u00ba SESS\u00c3O.</b></p>\r\n<p style=\"text-align: justify; \"><span><br /></span></p>\r\n<p style=\"text-align: justify; \"><span>Aos 18 dias do m\u00eas de julho do ano de 2019 (dois mil e dezenove), reuniram-se extraordinariamente no pal\u00e1cio Vereador Joel Canela, \u00e0s 20:20. Sob a Presid\u00eancia do Senhor Vereador </span><b>Ronaldo Luciano da Costa, </b><span>que ao constatar a presen\u00e7a dos senhores Vereadores: </span><b>Djalma Laurindo da Silva Junior, Francisco Canind\u00e9 de Menezes, Francisco Ubiracy Feitosa Pascoal, Genilson Santana de Nogueira, J\u00e2nio Nilson Silveira Barra, Marcos Aur\u00e9lio Alves de Morais, Max Iran de Morais, Pedro Alves Cabral Neto. </b><span>O Presidente declara aberta a Sess\u00e3o. </span><b>No Pequeno Expediente</b><span>: Foi lido o </span><b>Projeto de Lei n\u00ba 007/2019 GP</b><span>, Ementa: disp\u00f5e sobre autoriza\u00e7\u00e3o para abertura de cr\u00e9dito adicional especial \u00e0 lei or\u00e7ament\u00e1ria anual do Munic\u00edpio, e da outras providencias. </span><b>No Grande Expediente:</b><span> Nenhum Vereador fez uso da palavra. </span><b>Na Ordem do Dia: </b><span>Foi para vota\u00e7\u00e3o o </span><b>Projeto de Lei n\u00ba 007/2019.</b><span>\u00a0Ementa: disp\u00f5e sobre autoriza\u00e7\u00e3o para abertura de cr\u00e9dito adicional especial \u00e0 Lei or\u00e7ament\u00e1ria anual do Munic\u00edpio, e da outras providencias. O mesmo foi discutido e aprovado por unanimidade. </span><b>Na Hora</b><span> </span><b>da Comunidade:</b><span> N\u00e3o houve inscritos.\u00a0 </span><b>Nas Explica\u00e7\u00f5es Pessoais: </b><span>Nenhum Vereador</span><b> </b><span>fez uso da palavra. E como n\u00e3o havia mais nada para o momento, a sess\u00e3o foi encerrada. Eu________2\u00ba secret\u00e1rio, transcrevi a presente ata, que</span><b> </b><span>vai assinada por mim, pelo presidente, e demais Vereadores presentes.\u00a0</span></p>\r\n<p style=\"text-align: right; \"><span style=\"text-align: right; \"><br /></span></p>\r\n<p style=\"text-align: right; \"><span style=\"text-align: right; \">Sala das Sess\u00f5es Vereador Domilson Cris\u00f3stomo da Silva. C\u00e2mara Municipal de Felipe Guerra/RN, em 18 de julho de 2019.</span></p>", "author_name": "", "version": "1.0", "author_url": "https://www.felipeguerra.rn.leg.br/author/feg", "provider_name": "C\u00e2mara Municipal de Felipe Guerra/RN ", "type": "rich"}