{"provider_url": "https://www.felipeguerra.rn.leg.br", "title": "Sess\u00e3o Extraordinaria", "html": "<p style=\"text-align: justify; \">Aos 16 dias do m\u00eas de Dezembro do ano de 2020 (dois mil e vinte), reuniram-se extraordinariamente no Pal\u00e1cio Vereador Joel Canela de Oliveira, sob a presid\u00eancia do senhor Vereador <b>Ronaldo Luciano da Costa,</b> que ao constatar a presen\u00e7a dos senhores Vereadores:<b> Francisco Canind\u00e9 de Menezes, Francisco Ubiracy Feitosa Pascoal, Genilson Santana de Nogueira, Max Iran de Morais.</b> Ausente os senhores Vereadores: <b>Djalma Laurindo da Silva Junior, J\u00e2nio Nilson Silveira Barra, Marcos Aur\u00e9lio Alves de Morais, Pedro Alves Cabral Neto, </b>O Presidente declara aberta a sess\u00e3o, convidando o segundo secret\u00e1rio <b>Genilson Santana de Nogueira, </b>para fazer a leitura da ata anterior, que depois de lida, foi aprovada por Vereadores presentes<b>. No Pequeno Expediente:</b> Foram lidas as mat\u00e9rias em pauta:<b> Projeto de Lei n\u00ba 007/2020, </b>EMENTA: Disp\u00f5e sobre autoriza\u00e7\u00e3o de cr\u00e9dito adicional suplementar \u00e0 Lei Or\u00e7ament\u00e1ria Anual do Munic\u00edpio, e da outras providencias.<b> No Grande Expediente</b>: Nenhum Vereador fez uso da palavra. <b>Na Ordem do Dia:</b> Foi para vota\u00e7\u00e3o <b>Projeto de Lei n\u00ba 007/2020, </b>EMENTA: Disp\u00f5e sobre autoriza\u00e7\u00e3o de cr\u00e9dito adicional suplementar \u00e0 Lei Or\u00e7ament\u00e1ria Anual do Munic\u00edpio, e da outras providencias, o mesmo foi aprovado por Vereadores presentes, acompanhado do Parecer n\u00ba 14/2020. <b>Na Hora da Comunidade:</b> N\u00e3o houve inscritos. <b>Nas Explica\u00e7\u00f5es Pessoais:</b> Nenhum Vereador fez uso da palavra.<b> </b>E como n\u00e3o havia mais nada a ser tratado, o presidente declara encerrada a sess\u00e3o. Eu__________ 2\u00ba secret\u00e1rio, transcrevi a presente ata, que vai assinada por mim, pelo presidente, e vereadores presentes na sess\u00e3o.</p>\r\n<p style=\"text-align: right; \">Sala das Sess\u00f5es Vereador Domilson Cris\u00f3stomo da Silva. C\u00e2mara Municipal de Felipe Guerra/RN, em 16 de dezembro de 2020.</p>", "author_name": "", "version": "1.0", "author_url": "https://www.felipeguerra.rn.leg.br/author/feg", "provider_name": "C\u00e2mara Municipal de Felipe Guerra/RN ", "type": "rich"}