{"provider_url": "https://www.felipeguerra.rn.leg.br", "title": "Sess\u00e3o Ordin\u00e1ria", "html": "<p style=\"text-align: justify; \">Aos 07 dias do m\u00eas de Fevereiro do ano de 2017 (dois mil e dezessete), reuniram-se ordinariamente no Pal\u00e1cio Vereador Joel Canela, sob a Presid\u00eancia do senhor Vereador:\u00a0<b>Pedro Alves Cabral Neto</b>,<b>\u00a0</b>que ao constatar a presen\u00e7a dos senhores Vereadores:<b>\u00a0Djalma Laurindo da Silva Junior, Francisco Canind\u00e9 de Menezes, Francisco Ubiracy Feitosa Pascoal, Genilson Santana de Nogueira, J\u00e2nio Nilson Silveira Barra, Marcos Aur\u00e9lio Alves de Morais, \u00a0Max Iram de Morais, Ronaldo Luciano da Costa.\u00a0</b>O Presidente declara aberta a sess\u00e3o e convida o segundo secret\u00e1rio a fazer a leitura da ata anterior que depois de lida foi aprovada pelos Vereadores presentes.\u00a0<b>No Pequeno Expediente:\u00a0</b>Foram lidas as mat\u00e9rias em pauta:\u00a0<b>Indica\u00e7\u00f5es n\u00ba:\u00a0</b>01, 02, 03, 04, 05/2017 dos Vereadores; Francisco Ubiracy F. Pascoal, J\u00e2nio Nilson da S. Barra, Ronaldo Luciano da Costa. Projeto de Resolu\u00e7\u00e3o n\u00ba 01/2017 concede reajuste salarial aos servidores p\u00fablicos efetivos da C\u00e2mara Municipal de Felipe Guerra/RN.<b>\u00a0\u00a0No Grande Expediente:</b>\u00a0Fez uso da palavra o Vereador\u00a0<b>Francisco Ubiracy Feitosa Pascoal,\u00a0</b>cumprimentou o presidente da casa e demais Vereadores presentes, e os blogueiros Vinicius Valentim e Edvaldo Barbosa.\u00a0\u00a0\u00a0\u00a0 Disse que trazia a casa dois assuntos importantes, um \u00e9 que no dia 06 o governo federal fez cronograma do garantia safra para os agricultores registrado no nordeste e o munic\u00edpio de Felipe Guerra n\u00e3o est\u00e1 diferente dos demais, todos est\u00e3o superior a 200 pessoas e dizer que percebe-se o poder de desorganiza\u00e7\u00e3o de cada um principalmente de n\u00f3s que compomos o homem do campo e estamos presentes e vivemos distanciados do campo e muitas vezes percebemos a import\u00e2ncia de como \u00e9 o programa garantia safra, e \u00e9 programas que n\u00f3s nordestinos temos que compreender que \u00e9 mais f\u00e1cil uma seca do que o tempo de inverno e infelizmente essa semana tivemos a triste noticia que o inverno n\u00e3o vai haver o total de chuvas esperado porque o fen\u00f4meno est\u00e1 fraco fazendo com que as chuvas sejam muitos pequenas. O outro assunto \u00e9 que est\u00e1 sendo colocado o homem do campo no dia 8 de fevereiro o Rio Grande do Norte estar\u00e1 reunindo em frente ao INSS em Natal para formar um documento para compreender o que esta sendo feito com o homem do campo, a mulher do campo tem dupla jornada de trabalho e na reforma do INSS essa mulher \u00e9 tratada tanto quanto qualquer trabalhador que esteja no escrit\u00f3rio ou em sala de aula ou outra fun\u00e7\u00e3o, e quando tiver 65 anos ela n\u00e3o vai ter nenhuma condi\u00e7\u00e3o de vida para usufruir do beneficio do INSS que deveria ter o nome de assist\u00eancia social porque percebo que n\u00e3o est\u00e1 assistindo as pessoas mais carente. Gostaria de fazer o convite aos senhores e a sociedade que percebo a organiza\u00e7\u00e3o pois Felipe Guerra tem dois sindicatos, sugeriu que procure os sindicatos para se organizar porque o projeto do governo e que 80% da sociedade n\u00e3o tenha direito a aposentadoria depois de ter contribu\u00eddo 49 anos e se for aprovada vamos v\u00ea v\u00e1rias pessoas aposentadas com 75 anos enquanto que juiz e outras categorias se aposentam ainda jovens, pois n\u00e3o acha justo apesar de muitas conquistas, mais que precisam serem discutidas e que o Brasil conseguiu, enquanto em que em muitos pa\u00edses n\u00e3o existe sequer aposentadoria para os mais velhos pois os filhos passam a cuidar deles na velhice. Quanto \u00e0 reforma da previd\u00eancia acha necess\u00e1ria. Pediu apoio a C\u00e2mara elaborar documentos para comunicar aos congressistas que n\u00e3o concordam com as propostas colocadas na C\u00e2mara Federal. Falou das necessidades que a zona rural tem de UBS para atender as comunidades porque no per\u00edodo chuvoso todos ficam isolados. Falou nos 200 habitantes de S\u00e3o Louren\u00e7o e Po\u00e7o Tilon que foi feito o senso do IBGE e parte dessas pessoas foram retirados do munic\u00edpio, mais pegou dois projetos e repassou para a prefeitura mostrando que Felipe Guerra tem cinco pontos geogr\u00e1ficos. O Vereador\u00a0<b>J\u00e2nio Nilson Silveira Barra,\u00a0</b>saudou todos da casa e falou a cerca dos jovens que est\u00e3o fazendo rachas em motos e que \u00e9 bastante perigoso e os pais n\u00e3o sabem, pois \u00e9 preocupante e gostaria que o Requerimento fosse aprovado. Falou da situa\u00e7\u00e3o dos transportes que fica o hospital que deveriam ser guardado em outro ambiente, pois pode trazer dano a sa\u00fade dos pacientes e o munic\u00edpio tem como fazer um galp\u00e3o. Parabenizou o vereador Ubiracy nas quest\u00f5es do Sindicato em convidar a sociedade para se unir para depois n\u00e3o culpar o vereador.<b>\u00a0</b>Agradeceu desejando uma boa semana.<b>\u00a0Na Ordem do Dia:\u00a0</b>N\u00e3o houve mat\u00e9rias para vota\u00e7\u00e3o.<b>\u00a0Na Hora da Comunidade:\u00a0</b>N\u00e3o houve inscritos.<b>\u00a0\u00a0Nas Explica\u00e7\u00f5es Pessoais:</b>\u00a0Fez uso da palavra os\u00a0<b>Vereadores:\u00a0</b>Francisco Ubiracy Feitosa Pascoal<b>,\u00a0</b>que agradeceu ao Vereador Djalma Junior e refor\u00e7ou os seus pedidos e falou dos membros para a Secretaria de A\u00e7\u00e3o<b>\u00a0</b>Social. O Vereador J\u00e2nio Barra pediu que indicasse o nome de um Vereador para substituir Luiz Agnaldo para a Comiss\u00e3o do Plano de Carreira dos Funcion\u00e1rios para o Sindicato agradeceu ao presidente e a todos. O Presidente agradeceu a presen\u00e7a de todos da casa.<b>\u00a0</b>E como n\u00e3o havia mais nada para o momento a sess\u00e3o foi encerrada. Eu______________ 2\u00ba segundo secret\u00e1rio mandei transcrever a presente ata que vai assinada por mim, pelo presidente e demais Vereadores presentes. \u00a0</p>\r\n<p>\u00a0</p>\r\n<p style=\"text-align: right; \">Sala das Sess\u00f5es Vereador Domilson Cris\u00f3stomo da silva C\u00e2mara Municipal de Felipe Guerra/RN, em 07 de Fevereiro de 2017.</p>", "author_name": "", "version": "1.0", "author_url": "https://www.felipeguerra.rn.leg.br/author/feg", "provider_name": "C\u00e2mara Municipal de Felipe Guerra/RN ", "type": "rich"}