{"provider_url": "https://www.felipeguerra.rn.leg.br", "title": "Sess\u00e3o Ordin\u00e1ria", "html": "<p style=\"text-align: justify; \">Aos 14 dias do m\u00eas de fevereiro do ano de 2017 (dois mil e dezessete), reuniram-se ordinariamente no Pal\u00e1cio Vereador Joel Canela, sob a Presid\u00eancia do senhor Vereador <b>Pedro Alves Cabral Neto</b>,<b> </b>que ao constatar a presen\u00e7a dos senhores Vereadores:<b> Djalma Laurindo da Silva Junior, Francisco Canind\u00e9 de Menezes, Francisco Ubiracy Feitosa Pascoal, Genilson Santana de Nogueira, J\u00e2nio Nilson Silveira Barra, Marcos Aur\u00e9lio Alves de Morais, Max Iram de Morais, Ronaldo Luciano da Costa. </b>O Presidente declara aberta a sess\u00e3o. Registrou a presen\u00e7a da senhora Maria de Lourdes Gurgel, Nobre vi\u00fava de Paulo Nobre e seu filho Paulo Nobre Junior. Em seguida o presidente convida o segundo secret\u00e1rio a fazer a leitura da ata anterior que depois de lida foi aprovada por Vereadores presentes. <b>No Pequeno Expediente: </b>Foram lidas as mat\u00e9rias em pauta: <b>Of\u00edcio n\u00ba 031/2017</b>, a Emenda do Projeto de <b>Lei n\u00ba 138/2016,</b> que estima a receita e fixa a despesa do Estado do Rio Grande do Norte para o exerc\u00edcio financeiro de 2017. <b>Indica\u00e7\u00f5es n\u00ba</b> <b>06/2017,</b> para que o prefeito municipal atrav\u00e9s da secretaria de obras possa mandar passar a maquina na estrada do Boqueir\u00e3o at\u00e9 o alto do Tabuleiro. Autor da Indica\u00e7\u00e3o Vereador J\u00e2nio Nilson Silveira Barra. <b>Indica\u00e7\u00e3o n\u00ba 07/2017</b> para que a secretaria de obras possa fazer a opera\u00e7\u00e3o tapa buraco nas principais ruas da avenida. <b>Indica\u00e7\u00e3o n\u00ba 08/2017</b> para que a secretaria possa fazer parceria com o PPP<b> </b>parceria p\u00fablica privada e colocar placas de sinaliza\u00e7\u00e3o nas ruas. Autor das duas Indica\u00e7\u00f5es Francisco Ubiracy Feitosa Pascoal.<b> Indica\u00e7\u00e3o n\u00ba 09/2017 </b>para que o prefeito municipal atrav\u00e9s da secretaria de obras possa recuperar as estradas vicinais nas comunidades Santana, S\u00e3o<b> </b>Louren\u00e7o,<b> </b>Pindoba at\u00e9 a zona urbana, autor da Indica\u00e7\u00e3o Max Iran de Morais.<b> No Grande Expediente:</b> Fez uso da palavra <b>o Vereador Francisco Canind\u00e9 de Menezes,</b> usou da palavra saudando a fam\u00edlia do falecido Paulo Nobre, falou da felicidade de estar na casa do povo, pois estava afastado a doze anos da C\u00e2mara Municipal e que era uma honra, queria dedicar o respeito para com o povo. Parabenizou o Vereador J\u00e2nio Barra pela iniciativa de homenagear o falecido Paulo Nobre que era conhecido, e ele faleceu, mas deixou servi\u00e7os prestados a cidade. O <b>vereador Francisco Ubiracy Feitosa Pascoal</b>, tamb\u00e9m fez sauda\u00e7\u00f5es a fam\u00edlia do falecido e pediu urg\u00eancia urgent\u00edssima na Mo\u00e7\u00e3o de Pesar. Falou de a import\u00e2ncia da casa fazer homenagem algu\u00e9m, pois nunca ser\u00e1 esquecido. Refor\u00e7ou o pedido quanto \u00e0 quest\u00e3o dos acontecimentos no pais e da reforma da previd\u00eancia, nas aposentadorias e nos danos que ir\u00e3o sofrer os funcion\u00e1rios mais jovens e como ficaria a situa\u00e7\u00e3o dos funcion\u00e1rios de empresa privada ou p\u00fablica, porque os congressistas est\u00e3o passando por cima de todos e os direitos dos cidad\u00e3os que est\u00e3o sendo cassados, pediu apoio para as vota\u00e7\u00f5es das Indica\u00e7\u00f5es e agradeceu a todos. <b>O Vereador: J\u00e2nio Nilson Silveira Barra</b> iniciou dando boa noite a todos os presentes e falou do momento porque estava presente a fam\u00edlia do falecido Paulo Nobre e falou da Mo\u00e7\u00e3o de Pesar que fez para a fam\u00edlia, pois deixou v\u00e1rias amizades em Felipe Guerra. Parabenizou o Vereador Marcos Aur\u00e9lio por sua iniciativa de ajudar a comunidade de Santana. Falou da alegria do homem do campo e da cobran\u00e7a do povo a cerca dos cortes de terra e gostaria de saber se j\u00e1 teria sido feita alguma licita\u00e7\u00e3o. Agradeceu a todos. <b>O Vereador: Marcos Aur\u00e9lio Alves de Morais</b> iniciou prestigiando todos os felipenses e a vi\u00fava de Paulo Nobre e demais presentes. Falou da import\u00e2ncia da presen\u00e7a do povo e agradeceu a Deus pelas chuvas, fez de suas palavras as do vereador Ubiracy. Falou a respeito da sinaliza\u00e7\u00e3o do transito em Felipe Guerra, pois \u00e9 necess\u00e1rio para evitar acidentes, pois as pessoas n\u00e3o tem conscientiza\u00e7\u00e3o. Falou que esteve conversando com Eliezio que tem anos uma autoescola e que ir\u00e1 lutar para melhorar conscientiza\u00e7\u00e3o dos felipenses. Falou do of\u00edcio do deputado que foi reencaminhado pelo Deputado Souza que a obra venha ser feita. Agradeceu o compromisso com sua pessoa e comunidade de Santana e o Munic\u00edpio de Felipe Guerra. <b>O Vereador Max Iram de</b> <b>Morais</b> saudou os colegas Vereadores e os presentes e a fam\u00edlia de Paulo Nobre, registrou a presen\u00e7a do tesoureiro da Plus, o senhor Caio C\u00e9sar Morais, que tem distribu\u00eddo emprego na agricultura familiar. Fez relato sobre a estrada carro\u00e7\u00e1vel que liga a Pindoba, Santana e S\u00e3o Louren\u00e7o, pois \u00e9 preocupante no per\u00edodo chuvoso que est\u00e1 em estado deplor\u00e1vel e est\u00e1 precisando que o executivo fa\u00e7a uso das m\u00e1quinas e recupere as estradas para melhorar o acesso a todos que se deslocam a zona urbana, principalmente quando \u00e9 na cidade. Agradeceu a todos. <b>Na Ordem do Dia: </b>Foram para vota\u00e7\u00e3o as mat\u00e9rias em pauta: Indica\u00e7\u00f5es n\u00ba 01, 02, 03, 04, 05/2017 citada na sess\u00e3o passada, foram para vota\u00e7\u00e3o e aprovada por Vereadores presentes. Indica\u00e7\u00f5es n\u00ba 06, 07, 08, 09/2017 lido e transcrito nesta sess\u00e3o foi para vota\u00e7\u00e3o e aprovado por Vereadores presentes. <b>Parecer n\u00ba 03/2017 CLJRF</b>, foi aprovada por vereadores presentes. <b>Resolu\u00e7\u00e3o n\u00ba 001/2017</b>, que concede reajuste salarial aos servidores p\u00fablicos efetivos da C\u00e2mara Municipal de Felipe Guerra/RN, foi para vota\u00e7\u00e3o e aprovado por Vereadores presentes. <b>Parecer n\u00ba 02/2017</b> ao Projeto de <b>Resolu\u00e7\u00e3o n\u00ba 01/2017</b>, foi aprovado por Vereadores presentes.<b>\u00a0 Na Hora da Comunidade: </b>Fez uso o senhor Paulo Nobre Junior, fazendo men\u00e7\u00e3o da honrosa noite de estar na casa e feliz em receber a Mo\u00e7\u00e3o de Pesar. Falou da simplicidade e humildade e do trabalho de seu pai, que disse que na vida agente tem que deixar duas hist\u00f3rias que foi seu trabalho desenvolvido nas media\u00e7\u00f5es de estradas, a\u00e7udes, etc., o legado que foi atrav\u00e9s da sua perseveran\u00e7a, dedica\u00e7\u00e3o e zelo pela esposa, filhos e netos e amigos. Falou da dif\u00edcil juventude que teve de estudar fora e nos dias atuais tudo \u00e9 mais f\u00e1cil. Agradeceu a todos pela homenagem.<b>\u00a0 Nas Explica\u00e7\u00f5es Pessoais:</b> Fizeram uso da palavra os <b>Vereadores: Francisco Ubiracy Feitosa Pascoal, J\u00e2nio Nilson Silveira Barra, Marcos Aur\u00e9lio de Morais, Francisco Canind\u00e9 de Menezes. O vereador Max Iran de Morais </b>registrou o falecimento da senhora Maria Filomena da Concei\u00e7\u00e3o, que passou a maior parte de sua vida na comunidade de Santana, atualmente residia na cidade, deixava sua solidariedade. O Presidente da casa agradeceu a presen\u00e7a de todos, da senhora Maria de Lourdes Nobre seu filho e familiares e disse que a casa estava sempre a disposi\u00e7\u00e3o. E Como n\u00e3o havia mais nada para o momento a sess\u00e3o foi encerrado. Eu______________ 2\u00ba segundo secret\u00e1rio mandei transcrever a presente ata que vai assinada por mim, pelo presidente e demais Vereadores presentes.\u00a0</p>\r\n<p style=\"text-align: justify; \">\u00a0</p>\r\n<p style=\"text-align: right; \">Sala das Sess\u00f5es Vereador Domilson Cris\u00f3stomo da silva C\u00e2mara Municipal de Felipe Guerra/RN, em 14 de Fevereiro de 2017.<b></b></p>\r\n<p>\u00a0</p>", "author_name": "", "version": "1.0", "author_url": "https://www.felipeguerra.rn.leg.br/author/feg", "provider_name": "C\u00e2mara Municipal de Felipe Guerra/RN ", "type": "rich"}