{"provider_url": "https://www.felipeguerra.rn.leg.br", "title": "Sess\u00e3o Ordin\u00e1ria", "html": "<p style=\"text-align: justify; \">Aos 07 dias do m\u00eas de mar\u00e7o do ano de 2017 (dois mil e dezessete), reuniram-se ordinariamente no Pal\u00e1cio Vereador Joel Canela, sob a Presid\u00eancia do senhor Vereador <b>Pedro Alves Cabral Neto</b>,<b> </b>que ao constatar a presen\u00e7a dos senhores Vereadores:<b> Djalma Laurindo da Silva Junior, Francisco Canind\u00e9 de Menezes, Francisco Ubiracy Feitosa Pascoal, Genilson Santana de Nogueira, J\u00e2nio Nilson Silveira Barra, Marcos Aur\u00e9lio Alves de Morais, Max Iram de Morais, Ronaldo Luciano da Costa. </b>O Presidente declara aberta a sess\u00e3o convidando o segundo secret\u00e1rio a fazer a leitura da ata anterior que depois de lida foi aprovada por Vereadores presentes. <b>No Pequeno Expediente: </b>Foram lidas as mat\u00e9rias em pauta: <b>Of\u00edcio n\u00ba 027/2017</b>, executivo municipal. <b>Of\u00edcio n\u00ba</b> 023/2017 encaminhando as leis municipais 2013 a 2017. <b>Comunicado n\u00ba</b> <b>004712/2017,</b> minist\u00e9rio da educa\u00e7\u00e3o. <b>Of\u00edcio n\u00ba</b> <b>020/2017</b>, executivo municipal. <b>Projeto de Lei n\u00ba</b> <b>03/2017</b>. Disp\u00f5e sobre a regulamenta\u00e7\u00e3o do <b>art.8\u00ba da lei federal n\u00ba 12.153/2009,</b> a qual institui os ju\u00edzes especiais da fazenda P\u00fablica no \u00e2mbito dos Estados, Distrito Federal dos territ\u00f3rios e dos Munic\u00edpios na forma que especifica e das outras provid\u00eancias. <b>Requerimento n\u00ba 02/2017</b> do Vereador: Francisco Ubiracy Feitosa Pascoal. <b>Requerimento n\u00ba</b> <b>03/2017,</b> do Vereador Djalma Laurindo da Silva Junior. <b>Indica\u00e7\u00f5es n\u00ba</b> <b>012, 013, 014, 015, 019, 020/2017</b> dos Vereadores Francisco Ubiracy Feitosa Pascoal, Max Iran de Morais, Djalma Laurindo da Silva Junior. <b>No Grande Expediente:</b> Fez uso da palavra o Vereador; Francisco Ubiracy Feitosa Pascoal, fez sauda\u00e7\u00f5es aos presentes, refor\u00e7ou o pedido quanto \u00e0 quest\u00e3o dos acontecimentos no pais e da reforma da previd\u00eancia, nas aposentadorias. Pediu aos colegas para convidar as pessoas das comunidades no sentido de participarem de uma audi\u00eancia p\u00fablica na casa, como tamb\u00e9m precisam mobilizar os Deputados para apresentarem propostas para que o pescador, agricultor professor (a), as mulheres que s\u00e3o as mais penalizadas com essa reforma. O Vereador; J\u00e2nio Nilson Silveira Barra, iniciou dando boa noite a todos os presentes e refor\u00e7ou as palavras do colega Ubiracy quanto a reforma da previd\u00eancia que est\u00e1 preocupando. Cobrou o corte de terra j\u00e1 falado na sess\u00e3o passada. Falou da luta dos servidores quanto a elabora\u00e7\u00e3o do projeto do plano cargo e carreira, pediu apoio aos colegas nesse sentido. Agradeceu a todos. O Vereador; Genilson Santana de Nogueira, cumprimentou os presentes. Falou a respeito de suas Indica\u00e7\u00f5es que \u00e9 de muita import\u00e2ncia para a comunidade, pediu apoio aos colegas quanto a sua aprova\u00e7\u00e3o. O Vereador; Marcos Aur\u00e9lio Alves de Morais, iniciou cumprimentando a todos os amigos felipenses e demais presentes. Disse ao colega Ubiracy, que est\u00e1 a disposi\u00e7\u00e3o para ajudar no que for preciso, pois, quebraram o Pa\u00eds, e est\u00e3o querendo tirar dos mais fracos. Falou do Projeto de Emenda do Deputado Souza e encerrou sua participa\u00e7\u00e3o. \u00a0O Vereador; Max Iram de Morais, saudou os colegas Vereadores, registrou a presen\u00e7a do presidente do sindicato dos servidores Raildo, ex-Vereador Joel, Sonia, e o blogueiro Vinicius. Falou sobre a Indica\u00e7\u00e3o que apresentou na casa, pediu que o senhor prefeito fizesse bom uso do dinheiro dos Royalties e atenda ao pedido quanto a essa Indica\u00e7\u00e3o. Disse a Raildo que esta a disposi\u00e7\u00e3o no que for preciso porque valorizar o servidor p\u00fablico \u00e9 muito importante. \u00a0Agradeceu a todos. <b>Na Ordem do Dia: </b>Foram para vota\u00e7\u00e3o as mat\u00e9rias em pauta: <b>Indica\u00e7\u00f5es n\u00ba 010, 011, 016, 017, 018/2017</b>, as mesmas foram para vota\u00e7\u00e3o e aprovado por Vereadores presentes. Pareceres <b>n\u00ba 005, 006, 007/2017</b> CLJRF, foram aprovadas por Vereadores presentes. <b>Na Hora da Comunidade: </b>Fizeram uso os senhores: Raildo de Souza, Presidente do Sindicato dos Servidores Municipais de Felipe Guerra/RN. Francisco Ant\u00f4nio da Silva (Duquinha) Coordenador do SINTRAF.<b>\u00a0 Nas Explica\u00e7\u00f5es Pessoais:</b> Fizeram uso da palavra os Vereadores; Francisco Ubiracy Feitosa e Ronaldo Luciano da Costa<b>. </b>O Presidente da casa agradeceu a presen\u00e7a de todos. \u00a0E como n\u00e3o havia mais nada para o momento a sess\u00e3o foi encerrado. Eu______________ 2\u00ba segundo secret\u00e1rio mandei transcrever a presente ata que vai assinada por mim, pelo presidente e demais Vereadores presentes.\u00a0</p>\r\n<p style=\"text-align: right; \">\u00a0</p>\r\n<p style=\"text-align: right; \">Sala das Sess\u00f5es Vereador Domilson Cris\u00f3stomo da silva C\u00e2mara Municipal de Felipe Guerra/RN, em 07 de Mar\u00e7o de 2017.</p>\r\n<p>\u00a0</p>", "author_name": "", "version": "1.0", "author_url": "https://www.felipeguerra.rn.leg.br/author/feg", "provider_name": "C\u00e2mara Municipal de Felipe Guerra/RN ", "type": "rich"}