{"provider_url": "https://www.felipeguerra.rn.leg.br", "title": "Sess\u00e3o Ordin\u00e1ria", "html": "<p style=\"text-align: justify; \">Aos 23 dias do m\u00eas de maio do ano de 2017 (dois mil e dezessete), reuniram-se ordinariamente no Pal\u00e1cio Vereador Joel Canela, sob a Presid\u00eancia do senhor Vereador <b>Pedro Alves Cabral Neto</b>,<b> </b>que ao constatar a presen\u00e7a dos senhores Vereadores, <b>Djalma Laurindo</b> <b>da Silva Junior</b>, <b>Francisco Canind\u00e9 de Menezes, Francisco Ubiracy Feitosa Pascoal, Genilson Santana de Nogueira, J\u00e2nio Nilson Silveira Barra, Marcos Aur\u00e9lio Alves de Morais, Max Iram de Morais, Ronaldo Luciano da Costa. </b>O Presidente declara aberta a sess\u00e3o convidando o segundo secret\u00e1rio a fazer a leitura da ata anterior que depois de lida foi aprovada e assinada por Vereadores presentes. <b>No Pequeno Expediente: </b>Foram lidas as mat\u00e9rias em pauta: <b>Of\u00edcio n\u00ba 075/2017,</b> do Executivo municipal enviado a esta casa. <b>Indica\u00e7\u00f5es n\u00ba 051, 053/2017,</b> dos Vereadores: Djalma Laurindo da Silva Junior, Max Iran de Morais. <b>No Grande Expediente:</b> Fez uso da palavra o Vereador <b>Djalma Laurindo da</b> <b>Silva Junior,</b> cumprimentou o presidente da casa, os Vereadores e em nome do ex-vereador Djalma Laurindo (pai) saudava os demais presentes. Iniciou falando das mat\u00e9rias que apresentou na casa e parabenizava o Prefeito Haroldo Ferreira e tamb\u00e9m o secret\u00e1rio de obras P\u00fablicas pelo trabalho que vem realizando. Falou sobre a sa\u00fade e disse que precisava ser melhorada, mas parabenizava a secretaria Girlene Ferreira pelo trabalho que vem desempenhando a frente da secretaria de sa\u00fade, agradecia a oportunidade. O Vereador Francisco Ubiracy Feitosa Pascoal, cumprimentou o presidente da<b> </b>casa, os Vereadores, senhores presentes, ex-Vereador Djalma Laurindo, Vice-Prefeito Salom\u00e3o Gomes. Falou dos projetos que est\u00e3o em pauta para vota\u00e7\u00e3o e da import\u00e2ncia de cada um. Disse que o Vereador Max Morais, estava de parab\u00e9ns pelo Projeto, falou do Requerimento do Vereador Djalma Junior sobre a audi\u00eancia P\u00fablica. Falou sobre suas proposi\u00e7\u00f5es que \u00e9 de soma import\u00e2ncia exemplificou cada um e pediu o apoio dos colegas. O vereador J\u00e2nio Nilson Silveira Barra, saudou o presidente, Vereadores, Vice-Prefeito Salom\u00e3o Gomes, ex-Vereador Djalma Laurindo, professor Elias e pessoas presentes. Ouviu atento as coloca\u00e7\u00f5es de Ubiracy sobre seguran\u00e7a e comentou sobre o ocorrido no Munic\u00edpio, motivo de preocupa\u00e7\u00e3o para toda cidade. Pediu que fosse realizada a audi\u00eancia P\u00fablica. Falou sobre o projeto de Lei do ex-Vereador Salom\u00e3o Gomes, sobre o v\u00eddeo monitoramento para melhoria da seguran\u00e7a no nosso Munic\u00edpio. Falou sobre Requerimento aprovado de sua autoria que solicita informa\u00e7\u00e3o ao Executivo e at\u00e9 o momento nenhuma resposta. Falou que o dever do Vereador \u00e9 cobrar e fiscalizar, estava feliz com a presen\u00e7a de todos os Vereadores na casa. O Vereador Max Iran de Morais, cumprimentou o presidente, os Vereadores e demais presentes. Iniciou falando sobre o projeto apresentado na casa que \u00e9 de soma import\u00e2ncia, como tamb\u00e9m, a Indica\u00e7\u00e3o para a reabertura da creche da comunidade de Santana, pediu o apoio dos colegas. <b>Na Ordem do Dia: </b>Foi para vota\u00e7\u00e3o a mat\u00e9ria em pauta:<b> Parecer n\u00ba 024, 025, 026/2017 </b>CLJRF,<b> </b>o mesmo foi para vota\u00e7\u00e3o e aprovado por Vereadores<b> </b>presentes.<b> O Projeto de Lei n\u00ba 006/2017, </b>do Executivo<b> </b>Municipal,<b> EMENTA:</b> Disp\u00f5e sobre autoriza\u00e7\u00e3o para abertura de cr\u00e9dito adicional suplementar \u00e0 Lei Or\u00e7ament\u00e1ria Anual no Munic\u00edpio e d\u00e1 outras provid\u00eancias, o mesmo foi para vota\u00e7\u00e3o e aprovado por Vereadores presentes na Sess\u00e3o. <b>Projeto de Lei n\u00ba</b> <b>006/2017, </b>institui a semana municipal da agricultura familiar a ser comemorada anualmente na ultima semana de julho no \u00e2mbito do Munic\u00edpio de Felipe Guerra e d\u00e1 outras providencias, o mesmo foi aprovado por Vereadores presentes. <b>Requerimento n\u00ba 06/2017,</b> do Vereador Djalma Laurindo da Silva Junior, o mesmo foi para vota\u00e7\u00e3o e foi aprovado por Vereadores presentes. <b>Indica\u00e7\u00f5es n\u00ba 044, 045, 046, 047, 048, 050, 052/2017</b>, as mesmas foram aprovadas por Vereadores presentes.<b> \u00a0Na Hora da Comunidade: </b>Se inscreveu o professor Elias Bernardino de G\u00f3is, para falar sobre o assunto: Nota da CGU sobre a transpar\u00eancia do governo municipal em Felipe Guerra/RN. Tamb\u00e9m fez uso o Vice-Prefeito Salom\u00e3o Gomes de Oliveira.<b> </b>Cumprimentou o presidente da casa, os Vereadores, servidores da casa, ex-Vereadores Djalma Laurindo, Joel Canela e ilustres conterr\u00e2neos. Usava a tribuna para compartilhar com os conterr\u00e2neos e a sociedade em geral a viagem a Bras\u00edlia-DF, a 20\u00ba marcha em defesa dos Munic\u00edpios. Disse que \u00e9 a terceira marcha que participa junto com os Vereadores. Em 2015 a primeira juntamente com o Vereador Ronaldo, em 2016 a segunda com o Vereador J\u00e2nio e o secret\u00e1rio Clezimar e a terceira com o Prefeito Haroldo Ferreira, chefe de gabinete Gilvandro, Clezimar de Brito, o presidente da casa Pedro Cabral e o Vereador Ronaldo. Fez um historiado sobre a marcha e encerrou sua participa\u00e7\u00e3o. <b>\u00a0Nas Explica\u00e7\u00f5es Pessoais:</b> Fizeram uso da palavra os Vereadores:<b> Djalma Laurindo da Silva Junior, Francisco Ubiracy Feitosa Pascoal, Marcos Aur\u00e9lio Alves de Morais, Pedro Alves Cabral Neto. \u00a0</b>O Presidente da casa agradeceu a todos pela sess\u00e3o. E como n\u00e3o havia mais nada para o momento a sess\u00e3o foi encerrada. Eu______________ 2\u00ba segundo secret\u00e1rio mandei transcrever a presente ata que vai assinada por mim, pelo presidente e demais Vereadores presentes.\u00a0</p>\r\n<p style=\"text-align: right; \">Sala das Sess\u00f5es Vereador Domilson Cris\u00f3stomo da silva, C\u00e2mara Municipal de Felipe Guerra/RN, em 23 de maio de 2017.</p>", "author_name": "", "version": "1.0", "author_url": "https://www.felipeguerra.rn.leg.br/author/feg", "provider_name": "C\u00e2mara Municipal de Felipe Guerra/RN ", "type": "rich"}