{"provider_url": "https://www.felipeguerra.rn.leg.br", "title": "Sess\u00e3o Ordin\u00e1ria", "html": "<p style=\"text-align: justify; \">Aos 06 dias do m\u00eas de junho do ano de 2017 (dois mil e dezessete), reuniram-se ordinariamente no Pal\u00e1cio Vereador Joel Canela, sob a Presid\u00eancia do senhor Vereador <b>Pedro Alves Cabral Neto</b>,<b> </b>que ao constatar a presen\u00e7a dos senhores Vereadores: <b>Djalma Laurindo da Silva Junior,</b> <b>Francisco Canind\u00e9 de Menezes, Francisco Ubiracy Feitosa Pascoal, Genilson Santana de Nogueira, J\u00e2nio Nilson Silveira Barra, Marcos Aur\u00e9lio Alves de Morais, Max Iram de Morais, Ronaldo Luciano da Costa. </b>O Presidente declara aberta a sess\u00e3o convidando o segundo secret\u00e1rio a fazer a leitura da ata anterior que depois de lida foi aprovada e assinada por Vereadores presentes. <b>No Pequeno Expediente: </b>Foram lidas as mat\u00e9rias em pauta: <b>Of\u00edcio n\u00ba 088, 089/2017,</b> do poder Executivo, enviado a esta casa. <b>Indica\u00e7\u00e3o n\u00ba 057/2017</b>, do Vereador Ronaldo Luciano da Costa. <b>Comunicado n\u00ba 60815/2017</b> do Minist\u00e9rio da Educa\u00e7\u00e3o. <b>No Grande Expediente:</b> Fez uso da palavra<b> </b>O Djalma Laurindo da Silva Junior, que<b> </b>Iniciou falando de uma indica\u00e7\u00e3o de sua autoria solicitando a quadra de esportes para a comunidade de S\u00e3o Louren\u00e7o e que vai batalhar por ela ate o final do seu mandato. Falou da Constitui\u00e7\u00e3o Brasileira<b> </b>desde 1988, que foi promulgada e se passaram 30 anos e muitas coisas tinham mudado, citou exemplos. Pediu que fosse convocado autoridades maiores como Deputados, Senadores e Governador para debaterem sobre a reforma da constitui\u00e7\u00e3o, pois, ela tem que ser mudada. Agradeceu a participa\u00e7\u00e3o.<b> </b>Vereador Francisco Ubiracy Feitosa Pascoal, cumprimentou o presidente da<b> </b>casa, os Vereadores, senhores presentes, blogueiros Edvaldo Barbosa e Vinicius. Iniciou parabenizando Emerson pela palestra prestada pelo cidad\u00e3o Neto de Cara\u00fabas, que foi muito importante. Pediu aos colegas para terem cuidado em suas reinvindica\u00e7\u00f5es, pois, algumas n\u00e3o ter\u00e3o possibilidades de serem atendidas, citou exemplos. Comentou sobre a pris\u00e3o de um dos pol\u00edticos mais admirado do Brasil que foi Deputado por 11 vezes, pediu aos colegas que fizessem uma reflex\u00e3o sobre isso. Parabenizou as cidades de Pau dos Ferros, Caic\u00f3 e Currais Novos, por ter recebido leitos de UTI enquanto que a cidade de Apodi n\u00e3o tem sequer um m\u00e9dico do Estado para atender e se quer recebe uma representa\u00e7\u00e3o. Falou sobre a seguran\u00e7a e que ainda tem muita batalha pela frente, agradeceu sua participa\u00e7\u00e3o. Na<b> Ordem do Dia: </b>Foi para vota\u00e7\u00e3o a mat\u00e9ria em pauta:<b> Pareceres n\u00ba 028, 029, 030/2017 </b>CLJRF,<b> </b>os mesmos foram para vota\u00e7\u00e3o e aprovado por Vereadores<b> </b>presentes.<b> O Projeto de Lei n\u00ba 007/2017,</b> a Lei de cria\u00e7\u00e3o do conselho municipal de cultura, o mesmo foi para vota\u00e7\u00e3o e aprovado por Vereadores presentes. Indica\u00e7\u00f5es <b>n\u00ba 051, 053, 054, 055, 056/2017</b>, dos Vereadores Djalma Laurindo da Silva Junior e Max Iran de Morais, as mesmas foram aprovadas por Vereadores presente. \u00a0<b>\u00a0Na Hora da Comunidade: </b>Ningu\u00e9m se inscreveu. <b>Nas Explica\u00e7\u00f5es Pessoais:</b> Fez uso da palavra o Vereador: Max Iran de Morais, Francisco Canind\u00e9 de Menezes, Francisco Ubiracy Feitosa Pascoal, Marcos Aur\u00e9lio Alves de Morais<b>. </b>O Presidente da casa parabenizou a todos pelo sucesso da sess\u00e3o e pela uni\u00e3o de todos sem cor partid\u00e1ria. Parabenizou a todos os trabalhadores pelo seu dia e lamentou a tristeza daqueles que est\u00e3o desempregados. E como n\u00e3o havia mais nada para o momento a sess\u00e3o foi encerrada. Eu______________ 2\u00ba segundo secret\u00e1rio mandei transcrever a presente ata que vai assinada por mim, pelo presidente e demais Vereadores presentes.\u00a0</p>\r\n<p style=\"text-align: right; \">Sala das Sess\u00f5es Vereador Domilson Cris\u00f3stomo da silva, C\u00e2mara Municipal de Felipe Guerra/RN, em 06 de junho de 2017.</p>", "author_name": "", "version": "1.0", "author_url": "https://www.felipeguerra.rn.leg.br/author/feg", "provider_name": "C\u00e2mara Municipal de Felipe Guerra/RN ", "type": "rich"}