{"provider_url": "https://www.felipeguerra.rn.leg.br", "title": "Sess\u00e3o Ordin\u00e1ria", "html": "<p style=\"text-align: justify; \">Aos 13 dias do m\u00eas de junho do ano de 2017 (dois mil e dezessete), reuniram-se ordinariamente no Pal\u00e1cio Vereador Joel Canela, sob a Presid\u00eancia do senhor Vereador <b>Pedro Alves Cabral Neto, </b>que ao constatar a presen\u00e7a dos senhores Vereadores, <b>Djalma Laurindo</b> <b>da Silva Junior</b>, <b>Francisco Canind\u00e9 de Menezes, Francisco Ubiracy Feitosa Pascoal, Genilson Santana de Nogueira, J\u00e2nio Nilson Silveira Barra, Marcos Aur\u00e9lio Alves de Morais, Max Iram de Morais, Ronaldo Luciano da Costa. </b>O Presidente declara aberta a sess\u00e3o convidando o segundo secret\u00e1rio a fazer a leitura da ata anterior que depois de lida foi aprovada e assinada por Vereadores presentes. <b>No Pequeno Expediente: </b>Foram lidas as mat\u00e9rias em pauta: <b>Of\u00edcio n\u00ba 007/2017</b>, da Secretaria de Obras P\u00fablicas. <b>Of\u00edcio n\u00ba096/2017</b>, do Executivo Municipal encaminhando projeto. <b>Projeto de Lei n\u00ba</b> <b>008/2017</b>, que disp\u00f5e sobre a abertura de cr\u00e9dito adicional especial a Lei or\u00e7ament\u00e1ria anual do Munic\u00edpio<b>. Comunicado n\u00ba</b> <b>065217/2017</b> Minist\u00e9rio da Educa\u00e7\u00e3o. \u00a0<b>No Grande Expediente:</b> Fez uso da palavra<b> </b>O Vereador Francisco Ubiracy Feitosa Pascoal, que cumprimentou o presidente da<b> </b>casa, Vereadores e senhores presentes. Iniciou falando do que est\u00e1 acontecendo no Brasil, \u00e0 verean\u00e7a do exerc\u00edcio do mandato, a quest\u00e3o de aprendizado e experi\u00eancia. Falou a quest\u00e3o de gest\u00e3o e disse que nos \u00faltimos 30 anos todos os presidentes da casa tinham sido condenados e tinha muita pena, lembrou que j\u00e1 contribuiu muito com os Vereadores da casa e correm o risco de ser a \u00fanica c\u00e2mara de toda regi\u00e3o oeste a acontecer \u00e0 filia\u00e7\u00e3o individual da UVERN, sendo a prova de que o presidente est\u00e1 cometendo erros e n\u00e3o ter\u00e1 pena como teve dos outros. Deixava esse registro, pois, as c\u00e2maras da regi\u00e3o se filiaram a UVERN e a de Felipe Guerra apresentou projeto e ate o momento n\u00e3o se filiou. O vereador J\u00e2nio Nilson Silveira Barra, saudou o presidente, Vereadores, pessoas presentes. Iniciou parabenizando Emerson por trazer Neto de Cara\u00fabas para fazer palestra em nosso Munic\u00edpio. Falou que no gin\u00e1sio de esportes precisa de melhorias. Comentou sobre a quest\u00e3o das aguas em nossa regi\u00e3o. Sobre a UVERN foi distorcido por algumas pessoas, a uni\u00e3o dos Vereadores e para terem um suporte maior e saber que vai dar um rumo melhor ao Vereador que precisar da UVERN, pois, hoje s\u00e3o esquecidos s\u00f3 sendo lembrado na politica e a UVERN est\u00e1 a\u00ed para fazer a classe politica de Vereadores diferente e isso \u00e9 de soma import\u00e2ncia para todos os Vereadores fazer a classe diferenciada de todos os pol\u00edticos, pois, tem que trabalharem em prol da sociedade e todas as comunidades. O Vereador Marcos Aur\u00e9lio Alves de Morais, saudou o presidente da casa e falou sobre a quest\u00e3o da seguran\u00e7a que precisam convidar o secret\u00e1rio de seguran\u00e7a do Estado para tentarem resolver. Falou da import\u00e2ncia do trabalho de Emerson a frente do futebol. Quanto \u00e0 quest\u00e3o das aguas v\u00e3o se reunirem em Pau dos Ferros e ir\u00e1 fazer de tudo para participar junto com os colegas. Falou sobre a Emenda do Deputado Souza, destinada ao cal\u00e7amento de Santana que n\u00e3o ser\u00e1 poss\u00edvel ser realizada por Felipe Guerra, o Deputado ir\u00e1 transferir a verba para ser resolvido por Cara\u00fabas. O Vereador Max Iran de Morais, iniciou cobrando do poder P\u00fablico um t\u00e9cnico (a) de enfermagem para a comunidade de Santana, disse que o m\u00e9dico estava atendendo em casa particular, onde deveria atender em local P\u00fablico onde todos tivessem acesso. Falou sobre a quadra de esportes da comunidade do Tabuleiro que ainda n\u00e3o foi conclu\u00edda. Pediu que ao presidente para que atualizasse o site da C\u00e2mara, pois, est\u00e1 com poucas informa\u00e7\u00f5es. Cobrou suas Indica\u00e7\u00f5es e esperava que o poder P\u00fablico atendesse em defesa do povo.\u00a0 Na<b> Ordem do Dia: </b>N\u00e3o houve mat\u00e9rias para vota\u00e7\u00e3o. <b>Na Hora da Comunidade: </b>N\u00e3o houve inscritos. \u00a0<b>Nas Explica\u00e7\u00f5es Pessoais:</b> Fizeram uso da palavra os Vereadores:<b> </b>Francisco Ubiracy Feitosa Pascoal, Marcos Aur\u00e9lio Alves de Morais, Max Iran de Morais. O Presidente Pedro Alves Cabral Neto, disse que os atos praticados pelo Legislativo, nenhum Vereador ir\u00e1 ser penalizado, mas sim o presidente da casa por isso toma precau\u00e7\u00f5es, como falou o colega Ubiracy que trinta presidentes foram condenados, n\u00e3o quer ser mais um deles.\u00a0 Agradeceu a presen\u00e7a de todos. \u00a0\u00a0E como n\u00e3o havia mais nada para o momento a sess\u00e3o foi encerrada. Eu______________ 2\u00ba segundo secret\u00e1rio mandei transcrever a presente ata que vai assinada por mim, pelo presidente e demais Vereadores presentes.\u00a0</p>\r\n<p style=\"text-align: right; \">Sala das Sess\u00f5es Vereador Domilson Cris\u00f3stomo da silva, C\u00e2mara Municipal de Felipe Guerra/RN, em 13 de junho de 2017.</p>", "author_name": "", "version": "1.0", "author_url": "https://www.felipeguerra.rn.leg.br/author/feg", "provider_name": "C\u00e2mara Municipal de Felipe Guerra/RN ", "type": "rich"}