{"provider_url": "https://www.felipeguerra.rn.leg.br", "title": "Sess\u00e3o Ordin\u00e1ria", "html": "<p style=\"text-align: justify; \">Aos 24 vinte e quatro dias do m\u00eas de outubro do ano de 2017 (dois mil e dezessete), reuniram-se ordinariamente no Pal\u00e1cio Vereador Joel Canela, sob a Presid\u00eancia do senhor Vereador <b>Pedro Alves Cabral Neto</b>,<b> </b>que ao constatar a presen\u00e7a dos senhores Vereadores:<b> Francisco Canind\u00e9 de Menezes, Francisco Ubiracy Feitosa Pascoal, Genilson Santana de Nogueira, J\u00e2nio Nilson Silveira Barra, Marcos Aur\u00e9lio Alves de Morais, Max Iram de Morais, Ronaldo Luciano da Costa. Ausente: Djalma Laurindo da Silva Junior. </b>O Presidente declara aberta a sess\u00e3o convidando o segundo secret\u00e1rio a fazer a leitura da ata anterior que depois de lida foi aprovada por Vereadores presentes. <b>No Pequeno Expediente: </b>Foram lidas as materias em pauta: <b>Of\u00edcio Circular n\u00ba</b> <b>17/2017</b>, Secretaria municipal de Infraestrutura e Obras P\u00fablicas, encaminhando a esta casa. <b>Projeto de Lei n\u00ba 006/2017, </b>altera a Lei<b> </b>e especifica e d\u00e1 outras provid\u00eancias.<b> Projeto de Decreto Legislativo n\u00ba</b> <b>005, 006, 007, 008, 009, 010, 011/2017,</b> dos Vereadores: J\u00e2nio Nilson Silveira Barra, Pedro Alves Cabral Neto, Francisco Canind\u00e9 de Menezes, Francisco Ubiracy Feitosa Pascoal, Ronaldo Luciano da Costa, Marcos Aur\u00e9lio Alves de Morais. \u00a0<b>No Grande Expediente:</b> Fizeram uso da palavra o Vereador <b>Francisco Ubiracy Feitosa Pascoal</b>, cumprimentou o presidente da casa e demais Vereadores presentes. Iniciou falando da pol\u00edtica Municipal, Estadual, Federal e da federa\u00e7\u00e3o dos munic\u00edpios dando explica\u00e7\u00f5es. Comentou sobre a situa\u00e7\u00e3o dos hospitais regionais. Solicitou da casa uma sess\u00e3o no dia 29 de outubro para a instala\u00e7\u00e3o de uma frente parlamentar de apoio a crian\u00e7a e adolescente. Pediu a mesa para que o <b>projeto de lei n\u00ba 006/2017</b>, fosse votado em regime de urg\u00eancia. Agradeceu sua participa\u00e7\u00e3o. O vereador J\u00e2nio Nilson Silveira Barra,<b> </b>cumprimentou o presidente da casa, senhores Vereadores, funcion\u00e1rios (as) e demais pessoas presentes. Iniciou dizendo que as coloca\u00e7\u00f5es do Vereador Ubiracy, todos os vereadores juntos ir\u00e3o procurar resolver o problema. Sobre o problema da agua todos est\u00e3o unidos para tentar resolver as quest\u00f5es do Munic\u00edpio. Falou sobre as c\u00e2meras (v\u00eddeo monitoramento) que foram instalados em Apodi dando seguran\u00e7a aquela cidade. Disse que Felipe Guerra tem um projeto de Lei aprovado sobre o v\u00eddeo monitoramento, pediu aos colegas para verem juntos com o Executivo essa quest\u00e3o e que seja instalada pelo menos tr\u00eas c\u00e2meras, para trazer seguran\u00e7a para nossa cidade, pois, s\u00f3 quem ganha \u00e9 o Munic\u00edpio. Parabenizou o prefeito de Apodi por esse feito. Encerrou sua participa\u00e7\u00e3o. <b>Na Ordem do Dia: </b>Foi para vota\u00e7\u00e3o a mat\u00e9ria em pauta: <b>Parecer n\u00ba 048/2017</b> ao <b>Projeto de Lei n\u00ba 006/2017</b>, foi para vota\u00e7\u00e3o e aprovado por Vereadores presentes. <b>Na Hora da Comunidade: </b>Ningu\u00e9m<b> </b>Fez uso da palavra. \u00a0<b>Nas Explica\u00e7\u00f5es Pessoais:</b> Fizeram uso da palavra os Vereadores: Marcos Aur\u00e9lio Alves de Morais, Francisco Ubiracy Feitosa Pascoal, Pedro Alves Cabral Neto.<b> \u00a0</b>O Presidente da casa agradeceu a presen\u00e7a de todos e como n\u00e3o havia mais nada para o momento a sess\u00e3o foi encerrada. Eu______________ 2\u00ba segundo secret\u00e1rio transcrevi a presente ata que vai assinada por mim, pelo presidente e demais Vereadores presentes.\u00a0</p>\r\n<p style=\"text-align: right; \">Sala das Sess\u00f5es Vereador Domilson Cris\u00f3stomo da silva, C\u00e2mara Municipal de Felipe Guerra/RN, em 24 de outubro de 2017.<b></b></p>", "author_name": "", "version": "1.0", "author_url": "https://www.felipeguerra.rn.leg.br/author/feg", "provider_name": "C\u00e2mara Municipal de Felipe Guerra/RN ", "type": "rich"}