{"provider_url": "https://www.felipeguerra.rn.leg.br", "title": "Sess\u00e3o Ordin\u00e1ria", "html": "<p style=\"text-align: justify; \">Aos 07 sete dias do m\u00eas de novembro do ano de 2017 (dois mil e dezessete), reuniram-se ordinariamente no Pal\u00e1cio Vereador Joel Canela, sob a Presid\u00eancia do senhor Vereador <b>Pedro Alves Cabral Neto</b>,<b> </b>que ao constatar a presen\u00e7a dos senhores Vereadores:<b> Djalma Laurindo da Silva Junior, Francisco Canind\u00e9 de Menezes, Francisco Ubiracy Feitosa Pascoal, Genilson Santana de Nogueira, J\u00e2nio Nilson Silveira Barra, Marcos Aur\u00e9lio Alves de Morais, Max Iram de Morais, Ronaldo Luciano da Costa. </b>O Presidente declara aberta a sess\u00e3o convidando o segundo secret\u00e1rio a fazer a leitura da ata anterior que depois de lida foi aprovada por Vereadores presentes. O Presidente da casa registrou a presen\u00e7a do procurador do Munic\u00edpio Andr\u00e9 Viana e do contador Jan\u00edlson Freitas.\u00a0 <b>No Pequeno Expediente: </b>Foram lidas as materias em pauta: <b>Carta Compromisso Frente Parlamentar. Indica\u00e7\u00e3o n\u00ba 68/2017</b>, do Vereador Marcos Aur\u00e9lio A. de Morais. <b>Projeto de</b> <b>Decreto Legislativo n\u00ba</b> <b>016/2017</b>, ao senhor Lavoisier da S. Oliveira. <b>Projeto de Decreto Legislativo n\u00ba</b> <b>017/2017,</b> ao senhor Emerson Souza Pinheiro. Autores do projeto Vereadores: Ronaldo L. da Costa e Marcos Aur\u00e9lio A. de Morais. \u00a0<b>No Grande Expediente:</b> Fez uso da palavra o Vereador <b>Francisco Ubiracy Feitosa Pascoal</b>, cumprimentou o presidente da casa e demais Vereadores presentes. Iniciou dizendo que o Poder Legislativo trazia a casa uma solicita\u00e7\u00e3o para que todos pudessem discutir o PPA (Plano Plurianual) e a LOA (Lei Or\u00e7ament\u00e1ria Anual), e para isso explica\u00e7\u00f5es precisavam ser dadas e o or\u00e7amento ter a participa\u00e7\u00e3o popular. Falou de uma reuni\u00e3o que aconteceu na comunidade de Brejo que foi muito importante. Falou sobre o v\u00eddeo monitoramento. Registrou a presen\u00e7a dos blogueiros Vinicius Valentim e Edvaldo Barboza, agradeceu a todos e encerrou sua participa\u00e7\u00e3o. \u00a0<b>Na Ordem do Dia: </b>Foram para vota\u00e7\u00e3o as mat\u00e9rias em pauta: <b>Parecer n\u00ba 050/2017,</b> aos <b>Projetos de Lei</b> <b>n\u00ba 08, 09/2017</b>. <b>Projeto de Lei n\u00ba</b> <b>08/2017</b>, disp\u00f5e sobre dar nome a nova rua projetada de Ant\u00f4nio Manuel da Silva. <b>Projeto de Lei n\u00ba</b> <b>09/2017</b>, disp\u00f5e sobre dar nome a nova rua projetada de Vereadora Maria Benedita do Ros\u00e1rio e demais cidad\u00e3os felipenses, os projetos foram para vota\u00e7\u00e3o e aprovado por Vereadores presentes<b>. Parecer n\u00ba</b> <b>049/2017,</b> aos Projetos de Decreto. <b>Projeto de Decreto Legislativo n\u00ba 001, 002, 003, 004, 005, 006, 007, 008, 009, 010, 011, 012, 013, 014, 015, 016, 017, 018/2017,</b> dos Vereadores: Francisco Ubiracy F. Pascoal, Genilson Santana de Nogueira, Max Iran de Morais, Djalma Laurindo da S. Junior, Francisco Canind\u00e9 de Menezes, Pedro A. Cabral Neto, Ronaldo Luciano da Costa, J\u00e2nio Nilson S. Barra, Marcos Aur\u00e9lio A. de Morais. Os projetos foram aprovados por unanimidade. <b>A Hora da Comunidade: </b>Foi disponibilizado para o senhor procurador do Munic\u00edpio Andr\u00e9 Viana e o contador do Munic\u00edpio Jan\u00edlson Freitas para fazer esclarecimentos sobre o PPA e a LOA. Participaram das discuss\u00f5es os Vereadores: Francisco Ubiracy, J\u00e2nio Barra, Marcos Aur\u00e9lio, Francisco Canind\u00e9. Teve a participa\u00e7\u00e3o popular dos senhores: Elias Bernardino e Raildo G\u00f3is. \u00a0<b>Nas Explica\u00e7\u00f5es Pessoais:</b> Fizeram uso da palavra os Vereadores: Francisco Ubiracy Feitosa Pascoal, Francisco Canind\u00e9 de Menezes, Marcos Aur\u00e9lio A. de Morais e Pedro Alves Cabral Neto<b>. </b>O Presidente da casa agradeceu a presen\u00e7a de todos e como n\u00e3o havia mais nada para o momento a sess\u00e3o foi encerrada. Eu______________ 2\u00ba segundo secret\u00e1rio mandei transcrever a presente ata que vai assinada por mim, pelo presidente e demais Vereadores presentes.\u00a0</p>\r\n<p style=\"text-align: right; \">Sala das Sess\u00f5es Vereador Domilson Cris\u00f3stomo da silva, C\u00e2mara Municipal de Felipe Guerra/RN, em 07 de novembro de 2017.</p>", "author_name": "", "version": "1.0", "author_url": "https://www.felipeguerra.rn.leg.br/author/feg", "provider_name": "C\u00e2mara Municipal de Felipe Guerra/RN ", "type": "rich"}