{"provider_url": "https://www.felipeguerra.rn.leg.br", "title": "Sess\u00e3o Ordin\u00e1ria", "html": "<p style=\"text-align: justify; \">Aos 10 dez dias do m\u00eas de abril do ano de 2018 (dois mil e dezoito), reuniram-se ordinariamente no Pal\u00e1cio Vereador Joel Canela, sob a Presid\u00eancia do Senhor Vereador <b>Pedro Alves Cabral Neto </b>que ao constatar a presen\u00e7a dos senhores vereadores:<b> Djalma Laurindo da Silva Junior, Francisco Canind\u00e9 de Menezes, Francisco Ubiracy Feitosa Pascoal, Genilson Santana de Nogueira, J\u00e2nio Nilson Silveira Barra, Marcos Aur\u00e9lio Alves de Morais, Max Iram de Morais, Ronaldo Luciano da Costa. </b>O Presidente declara aberta a sess\u00e3o convidando o segundo secret\u00e1rio a fazer a leitura da ata anterior que depois de lida foi aprovada por vereadores presentes. <b>No Pequeno Expediente: </b>Foram lidas as mat\u00e9rias em pauta: <b>Requerimento n\u00ba 05/2018</b> solicitando a implanta\u00e7\u00e3o da C\u00e2mara Jovem. <b>Requerimento n\u00ba 06/2018</b> solicitando as atas de cada sess\u00e3o realizada em 2017/2018.\u00a0 <b>Requerimento n\u00ba 07/2018</b> solicitando DVDS de cada sess\u00e3o realizada em 2017/2020. <b>\u00a0No Grande Expediente:</b> Fez uso da palavra o<b> Vereador</b> <b>Francisco Ubiracy Feitosa Pascoal</b>, cumprimentou os vereadores e fez sauda\u00e7\u00f5es aos presentes. Iniciou falando da politica e que a pris\u00e3o de lula servia de exemplo para muito e cabia reflex\u00e3o.<b> </b>Falou da dificuldade dos agricultores e da falta de respeito dos pol\u00edticos com a categoria. Falou da import\u00e2ncia de estar na casa juntamente com os colegas vereadores honrando os compromissos e prestando servi\u00e7o a sociedade. Finalizando externou o desejo de que no pr\u00f3ximo governo fosse colocado no or\u00e7amento projetos para salvar o setor rural e a agricultura familiar. <b>O Vereador J\u00e2nio Nilson</b> <b>Silveira Barra,</b> cumprimentou os vereadores e demais pessoas presentes na casa. Iniciou falando da emenda n\u00ba 047/2018 do deputado Beto Rosado destinado \u00e0 aquisi\u00e7\u00e3o de uma ambul\u00e2ncia para o municipio atrav\u00e9s de sua solicita\u00e7\u00e3o, pois o municipio s\u00f3 tem a ganhar. Fez men\u00e7\u00e3o a passagem do Boqueir\u00e3o que cobrou em mar\u00e7o de 2017 e ate hoje nada foi feito. O vereador Pedro Cabral aparteou falando do mesmo assunto. Finalizando o vereador J\u00e2nio Barra disse que todos tem a obriga\u00e7\u00e3o de cobrar pois os recursos existem e como n\u00e3o foram aplicados as comunidades est\u00e3o ilhadas, mesmo assim vai continuar cobrando que \u00e9 o seu papel fiscalizar e cobrar. <b>O Vereador Max Iran de</b> <b>Morais</b> Iniciou cobrando as estradas da zona rural, pois \u00e0 dificuldade ate para vir \u00e0s sess\u00f5es. Comentou sobre a obra da ponte que j\u00e1 deveria ter sido conclu\u00edda e n\u00e3o foi dificultando o trafego do homem do campo ate a cidade. O vereador Francisco Canind\u00e9 e J\u00e2nio Barra aparteou falando sobre as passagens das comunidades. O vereador agradeceu aos colegas e disse que a falta de interesse do governo com rela\u00e7\u00e3o \u00e0 ponte do Boqueir\u00e3o, o mesmo caso da met\u00e1lica que seria conclu\u00edda em 180 dias e n\u00e3o aconteceu. Falou dos cursos de capacita\u00e7\u00e3o nas comunidades de S\u00e3o Louren\u00e7o e Pindoba que n\u00e3o foi poss\u00edvel devido o dif\u00edcil acesso. <b>O Vereador Marcos Aur\u00e9lio Alves de</b> <b>Morais</b> saudou os colegas vereadores, e demais presentes na sess\u00e3o. Iniciou dizendo que o trabalho do vereador \u00e9 fiscalizar e cobrar. Sobre a ponte met\u00e1lica \u00e9 do governo federal e n\u00e3o com certeza n\u00e3o ir\u00e1 ao ch\u00e3o como a do boqueir\u00e3o que foi constru\u00edda sem planejamento e essa com certeza ser\u00e1 uma das maiores obra de Felipe Guerra, lamentava o questionamento dos colegas pedindo para refletirem, pois a popula\u00e7\u00e3o n\u00e3o \u00e9 sem entendimento n\u00e3o h\u00e1 governo que planejasse transtornos de enchentes e chuvas. O vereador Max Morais aparteou falando da preocupa\u00e7\u00e3o com os estudantes. O vereador Marcos Aur\u00e9lio pediu aos colegas que n\u00e3o levassem para o lado politico, est\u00e3o para debater o melhor para o municipio de Felipe Guerra. \u00a0<b>Na Ordem do Dia: </b>N\u00e3o houve materias para vota\u00e7\u00e3o. <b>Na Hora da Comunidade:</b> N\u00e3o houve inscritos. <b>Nas Explica\u00e7\u00f5es Pessoais:</b> Fizeram uso da palavra os <b>Vereadores Francisco Ubiracy Feitosa Pascoal, Pedro Alves Cabral Neto. \u00a0</b>O Presidente da casa parabenizou os colegas pelos discursos que \u00e9 de praxe, agradeceu a presen\u00e7a de todos. \u00a0E Como n\u00e3o havia mais nada para o momento a sess\u00e3o foi encerrado. Eu______________ 2\u00ba segundo secret\u00e1rio transcrevi a presente ata que vai assinada por mim, pelo presidente e demais vereadores presentes.\u00a0</p>\r\n<p style=\"text-align: right; \">Sala das Sess\u00f5es Vereador Domilson Cris\u00f3stomo da silva C\u00e2mara Municipal de Felipe Guerra/RN, em 10 de Abril de 2018.</p>", "author_name": "", "version": "1.0", "author_url": "https://www.felipeguerra.rn.leg.br/author/feg", "provider_name": "C\u00e2mara Municipal de Felipe Guerra/RN ", "type": "rich"}