{"provider_url": "https://www.felipeguerra.rn.leg.br", "title": "Sess\u00e3o Ordin\u00e1ria", "html": "<p style=\"text-align: justify; \">Aos 26 dias do m\u00eas de junho do ano de 2018 (dois mil e dezoito), reuniram-se ordinariamente no Pal\u00e1cio Vereador Joel Canela, sob a Presid\u00eancia do Senhor Vereador <b>Pedro Alves Cabral Neto </b>que ao constatar a presen\u00e7a dos senhores vereadores:<b> Francisco Canind\u00e9 de Menezes, Genilson Santana de Nogueira, Marcos Aur\u00e9lio Alves de Morais, Max Iram de Morais, Ronaldo Luciano da Costa. Ausente os vereadores: Djalma Laurindo da Silva J\u00fanior, Francisco Ubiracy Feitosa Pascoal, J\u00e2nio Nilson Silveira Barra. \u00a0</b>O Presidente declara aberta a sess\u00e3o convidando o segundo secret\u00e1rio a fazer a leitura da ata anterior que depois de lida foi aprovada por vereadores presentes. <b>No Pequeno Expediente: </b>Foram lida as mat\u00e9rias em pauta: <b>Projeto de lei n\u00ba 007/2018</b>, que estabelece as diretrizes or\u00e7amentais da politica municipal de atendimento aos direitos da crian\u00e7a e do adolescente no \u00e2mbito do munic\u00edpio de Felipe Guerra/RN, revoga a lei n\u00ba 239 de 23 de agosto de 2005 e a lei n\u00ba 357 de 01 de julho de 2015. <b>No Grande Expediente:</b> <b>O Vereador Marcos Aur\u00e9lio Alves de</b> <b>Morais</b> Iniciou agradecendo a Deus por mais uma sess\u00e3o, saudou os colegas vereadores, e demais presentes. Cumprimentava o secret\u00e1rio de obras Sueliton a frente da secretaria e o prefeito Haroldo Ferreira pelas melhorias na estrada de Santana como tamb\u00e9m nas demais comunidades. Justificou a aus\u00eancia dos vereadores Djalma J\u00fanior e J\u00e2nio Barra. Falou sobre a queda dos Royalties, mas que o prefeito mesmo assim vem mantendo a sa\u00fade em dia. Agradecia a oportunidade e estava trabalhando e buscando melhorias cada vez mais como vereador para ajudar a cidade. <b>Na Ordem do Dia: </b>Foram para vota\u00e7\u00e3o as mat\u00e9rias em pauta: <b>Projeto de Lei n\u00ba 004/2018</b> disp\u00f5e sobre altera\u00e7\u00f5es na lei complementar n\u00ba 320/2013, citado na sess\u00e3o anterior o mesmo foi para vota\u00e7\u00e3o e aprovada por vereadores presentes. <b>Na Hora da Comunidade:</b> Nenhum Inscrito para uso da palavra. <b>Nas Explica\u00e7\u00f5es Pessoais:</b> Fez uso o vereador Marcos Aur\u00e9lio Alves de Morais. <b>\u00a0</b>O Presidente da casa agradeceu a presen\u00e7a de todos. \u00a0E Como n\u00e3o havia mais nada para o momento a sess\u00e3o foi encerrado. Eu______________ 2\u00ba segundo secret\u00e1rio transcrevi a presente ata que vai assinada por mim, pelo presidente e demais vereadores presentes.\u00a0</p>\r\n<p style=\"text-align: right; \">Sala das Sess\u00f5es Vereador Domilson Cris\u00f3stomo da Silva C\u00e2mara Municipal de Felipe Guerra/RN, em 26 de Junho de 2018.</p>", "author_name": "", "version": "1.0", "author_url": "https://www.felipeguerra.rn.leg.br/author/feg", "provider_name": "C\u00e2mara Municipal de Felipe Guerra/RN ", "type": "rich"}