{"provider_url": "https://www.felipeguerra.rn.leg.br", "title": "Sess\u00e3o Ordin\u00e1ria", "html": "<p style=\"text-align: justify; \">Aos 12 doze dias do m\u00eas de setembro do ano de 2018 (dois mil e dezoito), reuniram-se ordinariamente no Pal\u00e1cio Vereador Joel Canela, sob a Presid\u00eancia do Senhor Vereador <b>Pedro Alves Cabral Neto </b>que ao constatar a presen\u00e7a dos senhores vereadores:<b> Djalma Laurindo da Silva Junior, Francisco Canind\u00e9 de Menezes, Francisco Ubiracy Feitosa Pascoal, Genilson Santana de Nogueira, J\u00e2nio Nilson Silveira Barra, Marcos Aur\u00e9lio Alves de Morais, Max Iram de Morais, Ronaldo Luciano da Costa. </b>O Presidente declara aberta a sess\u00e3o convidando o segundo secret\u00e1rio a fazer a leitura da ata anterior que depois de lida foi aprovada por vereadores presentes. <b>No Pequeno Expediente: </b>N\u00e3o teve \u00a0mat\u00e9rias na pauta: <b>No Grande Expediente:</b> Fez uso da palavra o<b> Vereador</b> <b>Francisco Ubiracy Feitosa Pascoal</b>, cumprimentou os vereadores e fez sauda\u00e7\u00f5es aos presentes, iniciou falando. <b>O Vereador J\u00e2nio Nilson</b> <b>Silveira Barra. </b>\u00a0<b>O Vereador Marcos Aur\u00e9lio Alves de</b> <b>Morais</b> saudou os colegas vereadores, e demais presentes na sess\u00e3o, <b>Na Ordem do Dia: </b>N\u00e3o houve materias para vota\u00e7\u00e3o. <b>Na Hora da Comunidade:</b> Fez uso da palavra Diego Vinicius de Oliveira Bezerra. <b>Nas Explica\u00e7\u00f5es Pessoais:</b> Fizeram uso da palavra os <b>Vereadores: Francisco Ubiracy Feitosa Pascoal, Marcos Aur\u00e9lio Alves de Morais. \u00a0</b>O Presidente da casa agradeceu a presen\u00e7a de todos. \u00a0E Como n\u00e3o havia mais nada para o momento a sess\u00e3o foi encerrado. Eu______________ 2\u00ba segundo secret\u00e1rio transcrevi a presente ata que vai assinada por mim, pelo presidente e demais vereadores presentes.</p>\r\n<p style=\"text-align: right; \">Sala das Sess\u00f5es Vereador Domilson Cris\u00f3stomo da silva C\u00e2mara Municipal de Felipe Guerra/RN, em 12 de Setembro de 2018.</p>", "author_name": "", "version": "1.0", "author_url": "https://www.felipeguerra.rn.leg.br/author/feg", "provider_name": "C\u00e2mara Municipal de Felipe Guerra/RN ", "type": "rich"}